{"id":906,"date":"2016-05-06T00:00:16","date_gmt":"2016-05-05T22:00:16","guid":{"rendered":"http:\/\/www.lachartreuse.org\/web\/?p=906"},"modified":"2023-08-05T20:08:25","modified_gmt":"2023-08-05T18:08:25","slug":"nouveaux-logements-rue-justin-lenders","status":"publish","type":"post","link":"http:\/\/www.lachartreuse.org\/web\/nouveaux-logements-rue-justin-lenders\/","title":{"rendered":"Nouveaux logements rue Justin Lenders"},"content":{"rendered":"\n<p>&nbsp;<br>La soci\u00e9t\u00e9 <strong>Horizon Immo<\/strong> va construire un nouveau b\u00e2timent juste \u00e0 c\u00f4t\u00e9 de notre <em>arv\u00f4<\/em>. La <em>rue Justin Lenders<\/em> sera, de ce fait, enti\u00e8rement b\u00e2tie.<\/p>\n\n\n\n<p>Voici le plan d&rsquo;implantation:<\/p>\n\n\n\n<figure class=\"wp-block-image\"><img loading=\"lazy\" decoding=\"async\" width=\"353\" height=\"500\" src=\"http:\/\/www.lachartreuse.org\/web\/wp-content\/uploads\/art-immohorizon.jpg\" alt=\"\" class=\"wp-image-1002\"\/><\/figure>\n\n\n\n<hr class=\"wp-block-separator has-alpha-channel-opacity\"\/>\n\n\n\n<p>Pierre Michaux<\/p>\n<div class=\"pdfprnt-buttons pdfprnt-buttons-post pdfprnt-bottom-right\"><a href=\"http:\/\/www.lachartreuse.org\/web\/wp-json\/wp\/v2\/posts\/906?print=pdf\" class=\"pdfprnt-button pdfprnt-button-pdf\" target=\"_blank\" ><img decoding=\"async\" src=\"http:\/\/www.lachartreuse.org\/web\/wp-content\/plugins\/pdf-print\/images\/pdf.png\" alt=\"image_pdf\" title=\"T\u00e9l\u00e9charger le PDF\" \/><\/a><a href=\"http:\/\/www.lachartreuse.org\/web\/wp-json\/wp\/v2\/posts\/906?print=print\" class=\"pdfprnt-button pdfprnt-button-print\" target=\"_blank\" ><img decoding=\"async\" src=\"http:\/\/www.lachartreuse.org\/web\/wp-content\/plugins\/pdf-print\/images\/print.png\" alt=\"image_print\" title=\"Contenu imprim\u00e9\" \/><\/a><\/div>","protected":false},"excerpt":{"rendered":"<p>&nbsp;La soci\u00e9t\u00e9 Horizon Immo va construire un nouveau b\u00e2timent juste \u00e0 c\u00f4t\u00e9 de notre arv\u00f4. La rue Justin Lenders sera, de ce fait, enti\u00e8rement b\u00e2tie. Voici le plan d&rsquo;implantation: Pierre Michaux<\/p>\n","protected":false},"author":6,"featured_media":1004,"comment_status":"closed","ping_status":"closed","sticky":false,"template":"","format":"standard","meta":{"_eb_attr":"","_uag_custom_page_level_css":"","site-sidebar-layout":"default","site-content-layout":"","ast-site-content-layout":"default","site-content-style":"default","site-sidebar-style":"default","ast-global-header-display":"","ast-banner-title-visibility":"","ast-main-header-display":"","ast-hfb-above-header-display":"","ast-hfb-below-header-display":"","ast-hfb-mobile-header-display":"","site-post-title":"","ast-breadcrumbs-content":"","ast-featured-img":"","footer-sml-layout":"","ast-disable-related-posts":"","theme-transparent-header-meta":"","adv-header-id-meta":"","stick-header-meta":"","header-above-stick-meta":"","header-main-stick-meta":"","header-below-stick-meta":"","astra-migrate-meta-layouts":"default","ast-page-background-enabled":"default","ast-page-background-meta":{"desktop":{"background-color":"var(--ast-global-color-4)","background-image":"","background-repeat":"repeat","background-position":"center center","background-size":"auto","background-attachment":"scroll","background-type":"","background-media":"","overlay-type":"","overlay-color":"","overlay-opacity":"","overlay-gradient":""},"tablet":{"background-color":"","background-image":"","background-repeat":"repeat","background-position":"center center","background-size":"auto","background-attachment":"scroll","background-type":"","background-media":"","overlay-type":"","overlay-color":"","overlay-opacity":"","overlay-gradient":""},"mobile":{"background-color":"","background-image":"","background-repeat":"repeat","background-position":"center center","background-size":"auto","background-attachment":"scroll","background-type":"","background-media":"","overlay-type":"","overlay-color":"","overlay-opacity":"","overlay-gradient":""}},"ast-content-background-meta":{"desktop":{"background-color":"var(--ast-global-color-5)","background-image":"","background-repeat":"repeat","background-position":"center center","background-size":"auto","background-attachment":"scroll","background-type":"","background-media":"","overlay-type":"","overlay-color":"","overlay-opacity":"","overlay-gradient":""},"tablet":{"background-color":"var(--ast-global-color-5)","background-image":"","background-repeat":"repeat","background-position":"center center","background-size":"auto","background-attachment":"scroll","background-type":"","background-media":"","overlay-type":"","overlay-color":"","overlay-opacity":"","overlay-gradient":""},"mobile":{"background-color":"var(--ast-global-color-5)","background-image":"","background-repeat":"repeat","background-position":"center center","background-size":"auto","background-attachment":"scroll","background-type":"","background-media":"","overlay-type":"","overlay-color":"","overlay-opacity":"","overlay-gradient":""}},"footnotes":""},"categories":[7],"tags":[],"class_list":["post-906","post","type-post","status-publish","format-standard","has-post-thumbnail","hentry","category-au-fil-des-jours"],"featured_image_src":"http:\/\/www.lachartreuse.org\/web\/wp-content\/uploads\/2017\/09\/art-immohorizon-280x150-1.jpg","author_info":{"display_name":"Pierre Michaux","author_link":"http:\/\/www.lachartreuse.org\/web\/author\/pmichaux\/"},"uagb_featured_image_src":{"full":["http:\/\/www.lachartreuse.org\/web\/wp-content\/uploads\/2017\/09\/art-immohorizon-280x150-1.jpg",280,150,false],"thumbnail":["http:\/\/www.lachartreuse.org\/web\/wp-content\/uploads\/2017\/09\/art-immohorizon-280x150-1-150x150.jpg",150,150,true],"medium":["http:\/\/www.lachartreuse.org\/web\/wp-content\/uploads\/2017\/09\/art-immohorizon-280x150-1.jpg",280,150,false],"medium_large":["http:\/\/www.lachartreuse.org\/web\/wp-content\/uploads\/2017\/09\/art-immohorizon-280x150-1.jpg",280,150,false],"large":["http:\/\/www.lachartreuse.org\/web\/wp-content\/uploads\/2017\/09\/art-immohorizon-280x150-1.jpg",280,150,false],"1536x1536":["http:\/\/www.lachartreuse.org\/web\/wp-content\/uploads\/2017\/09\/art-immohorizon-280x150-1.jpg",280,150,false],"2048x2048":["http:\/\/www.lachartreuse.org\/web\/wp-content\/uploads\/2017\/09\/art-immohorizon-280x150-1.jpg",280,150,false]},"uagb_author_info":{"display_name":"Pierre Michaux","author_link":"http:\/\/www.lachartreuse.org\/web\/author\/pmichaux\/"},"uagb_comment_info":0,"uagb_excerpt":"&nbsp;La soci\u00e9t\u00e9 Horizon Immo va construire un nouveau b\u00e2timent juste \u00e0 c\u00f4t\u00e9 de notre arv\u00f4. La rue Justin Lenders sera, de ce fait, enti\u00e8rement b\u00e2tie. Voici le plan d&rsquo;implantation: Pierre Michaux","_links":{"self":[{"href":"http:\/\/www.lachartreuse.org\/web\/wp-json\/wp\/v2\/posts\/906","targetHints":{"allow":["GET"]}}],"collection":[{"href":"http:\/\/www.lachartreuse.org\/web\/wp-json\/wp\/v2\/posts"}],"about":[{"href":"http:\/\/www.lachartreuse.org\/web\/wp-json\/wp\/v2\/types\/post"}],"author":[{"embeddable":true,"href":"http:\/\/www.lachartreuse.org\/web\/wp-json\/wp\/v2\/users\/6"}],"replies":[{"embeddable":true,"href":"http:\/\/www.lachartreuse.org\/web\/wp-json\/wp\/v2\/comments?post=906"}],"version-history":[{"count":1,"href":"http:\/\/www.lachartreuse.org\/web\/wp-json\/wp\/v2\/posts\/906\/revisions"}],"predecessor-version":[{"id":29246,"href":"http:\/\/www.lachartreuse.org\/web\/wp-json\/wp\/v2\/posts\/906\/revisions\/29246"}],"wp:featuredmedia":[{"embeddable":true,"href":"http:\/\/www.lachartreuse.org\/web\/wp-json\/wp\/v2\/media\/1004"}],"wp:attachment":[{"href":"http:\/\/www.lachartreuse.org\/web\/wp-json\/wp\/v2\/media?parent=906"}],"wp:term":[{"taxonomy":"category","embeddable":true,"href":"http:\/\/www.lachartreuse.org\/web\/wp-json\/wp\/v2\/categories?post=906"},{"taxonomy":"post_tag","embeddable":true,"href":"http:\/\/www.lachartreuse.org\/web\/wp-json\/wp\/v2\/tags?post=906"}],"curies":[{"name":"wp","href":"https:\/\/api.w.org\/{rel}","templated":true}]}}