{"id":897,"date":"2016-04-29T00:00:29","date_gmt":"2016-04-28T22:00:29","guid":{"rendered":"http:\/\/www.lachartreuse.org\/web\/?p=897"},"modified":"2023-08-05T20:09:09","modified_gmt":"2023-08-05T18:09:09","slug":"retour-a-larvo-suite","status":"publish","type":"post","link":"http:\/\/www.lachartreuse.org\/web\/retour-a-larvo-suite\/","title":{"rendered":"Retour \u00e0 l&rsquo;Arv\u00f4, suite"},"content":{"rendered":"\n<figure class=\"wp-block-image aligncenter\"><a href=\"http:\/\/www.lachartreuse.org\/web\/wp-content\/uploads\/arvo-full.jpg\"><img loading=\"lazy\" decoding=\"async\" width=\"1280\" height=\"849\" src=\"http:\/\/www.lachartreuse.org\/web\/wp-content\/uploads\/arvo-full.jpg\" alt=\"\" class=\"wp-image-1259\"\/><\/a><figcaption class=\"wp-element-caption\">&nbsp;<\/figcaption><\/figure>\n\n\n\n<p><br>Bonjour \u00e0 tous,<\/p>\n\n\n\n<p>Et bien, vu la temp\u00e9rature annonc\u00e9e pour demain, nous allons devoir encore une fois, et ce sera la premi\u00e8re fois en trente ans de pr\u00e9sence \u00e0 La Chartreuse, devoir postposer \u00e0 nouveau notre retour \u00e0 l&rsquo;<em>arv\u00f4<\/em> d&rsquo;une semaine.<\/p>\n\n\n\n<p>Les pr\u00e9visions pour samedi prochain sont bonnes, du moins pour l&rsquo;instant.<\/p>\n\n\n\n<hr class=\"wp-block-separator has-alpha-channel-opacity\"\/>\n\n\n\n<p>Pierre Michaux<\/p>\n<div class=\"pdfprnt-buttons pdfprnt-buttons-post pdfprnt-bottom-right\"><a href=\"http:\/\/www.lachartreuse.org\/web\/wp-json\/wp\/v2\/posts\/897?print=pdf\" class=\"pdfprnt-button pdfprnt-button-pdf\" target=\"_blank\" ><img decoding=\"async\" src=\"http:\/\/www.lachartreuse.org\/web\/wp-content\/plugins\/pdf-print\/images\/pdf.png\" alt=\"image_pdf\" title=\"T\u00e9l\u00e9charger le PDF\" \/><\/a><a href=\"http:\/\/www.lachartreuse.org\/web\/wp-json\/wp\/v2\/posts\/897?print=print\" class=\"pdfprnt-button pdfprnt-button-print\" target=\"_blank\" ><img decoding=\"async\" src=\"http:\/\/www.lachartreuse.org\/web\/wp-content\/plugins\/pdf-print\/images\/print.png\" alt=\"image_print\" title=\"Contenu imprim\u00e9\" \/><\/a><\/div>","protected":false},"excerpt":{"rendered":"<p>Bonjour \u00e0 tous, Et bien, vu la temp\u00e9rature annonc\u00e9e pour demain, nous allons devoir encore une fois, et ce sera la premi\u00e8re fois en trente ans de pr\u00e9sence \u00e0 La Chartreuse, devoir postposer \u00e0 nouveau notre retour \u00e0 l&rsquo;arv\u00f4 d&rsquo;une semaine. Les pr\u00e9visions pour samedi prochain sont bonnes, du moins pour l&rsquo;instant. Pierre Michaux<\/p>\n","protected":false},"author":6,"featured_media":1260,"comment_status":"closed","ping_status":"closed","sticky":false,"template":"","format":"standard","meta":{"_eb_attr":"","_uag_custom_page_level_css":"","site-sidebar-layout":"default","site-content-layout":"","ast-site-content-layout":"default","site-content-style":"default","site-sidebar-style":"default","ast-global-header-display":"","ast-banner-title-visibility":"","ast-main-header-display":"","ast-hfb-above-header-display":"","ast-hfb-below-header-display":"","ast-hfb-mobile-header-display":"","site-post-title":"","ast-breadcrumbs-content":"","ast-featured-img":"","footer-sml-layout":"","ast-disable-related-posts":"","theme-transparent-header-meta":"","adv-header-id-meta":"","stick-header-meta":"","header-above-stick-meta":"","header-main-stick-meta":"","header-below-stick-meta":"","astra-migrate-meta-layouts":"default","ast-page-background-enabled":"default","ast-page-background-meta":{"desktop":{"background-color":"var(--ast-global-color-4)","background-image":"","background-repeat":"repeat","background-position":"center center","background-size":"auto","background-attachment":"scroll","background-type":"","background-media":"","overlay-type":"","overlay-color":"","overlay-opacity":"","overlay-gradient":""},"tablet":{"background-color":"","background-image":"","background-repeat":"repeat","background-position":"center center","background-size":"auto","background-attachment":"scroll","background-type":"","background-media":"","overlay-type":"","overlay-color":"","overlay-opacity":"","overlay-gradient":""},"mobile":{"background-color":"","background-image":"","background-repeat":"repeat","background-position":"center center","background-size":"auto","background-attachment":"scroll","background-type":"","background-media":"","overlay-type":"","overlay-color":"","overlay-opacity":"","overlay-gradient":""}},"ast-content-background-meta":{"desktop":{"background-color":"var(--ast-global-color-5)","background-image":"","background-repeat":"repeat","background-position":"center center","background-size":"auto","background-attachment":"scroll","background-type":"","background-media":"","overlay-type":"","overlay-color":"","overlay-opacity":"","overlay-gradient":""},"tablet":{"background-color":"var(--ast-global-color-5)","background-image":"","background-repeat":"repeat","background-position":"center center","background-size":"auto","background-attachment":"scroll","background-type":"","background-media":"","overlay-type":"","overlay-color":"","overlay-opacity":"","overlay-gradient":""},"mobile":{"background-color":"var(--ast-global-color-5)","background-image":"","background-repeat":"repeat","background-position":"center center","background-size":"auto","background-attachment":"scroll","background-type":"","background-media":"","overlay-type":"","overlay-color":"","overlay-opacity":"","overlay-gradient":""}},"footnotes":""},"categories":[7],"tags":[],"class_list":["post-897","post","type-post","status-publish","format-standard","has-post-thumbnail","hentry","category-au-fil-des-jours"],"featured_image_src":"http:\/\/www.lachartreuse.org\/web\/wp-content\/uploads\/2017\/09\/arvo-vignette.jpg","author_info":{"display_name":"Pierre Michaux","author_link":"http:\/\/www.lachartreuse.org\/web\/author\/pmichaux\/"},"uagb_featured_image_src":{"full":["http:\/\/www.lachartreuse.org\/web\/wp-content\/uploads\/2017\/09\/arvo-vignette.jpg",280,150,false],"thumbnail":["http:\/\/www.lachartreuse.org\/web\/wp-content\/uploads\/2017\/09\/arvo-vignette-150x150.jpg",150,150,true],"medium":["http:\/\/www.lachartreuse.org\/web\/wp-content\/uploads\/2017\/09\/arvo-vignette.jpg",280,150,false],"medium_large":["http:\/\/www.lachartreuse.org\/web\/wp-content\/uploads\/2017\/09\/arvo-vignette.jpg",280,150,false],"large":["http:\/\/www.lachartreuse.org\/web\/wp-content\/uploads\/2017\/09\/arvo-vignette.jpg",280,150,false],"1536x1536":["http:\/\/www.lachartreuse.org\/web\/wp-content\/uploads\/2017\/09\/arvo-vignette.jpg",280,150,false],"2048x2048":["http:\/\/www.lachartreuse.org\/web\/wp-content\/uploads\/2017\/09\/arvo-vignette.jpg",280,150,false]},"uagb_author_info":{"display_name":"Pierre Michaux","author_link":"http:\/\/www.lachartreuse.org\/web\/author\/pmichaux\/"},"uagb_comment_info":0,"uagb_excerpt":"Bonjour \u00e0 tous, Et bien, vu la temp\u00e9rature annonc\u00e9e pour demain, nous allons devoir encore une fois, et ce sera la premi\u00e8re fois en trente ans de pr\u00e9sence \u00e0 La Chartreuse, devoir postposer \u00e0 nouveau notre retour \u00e0 l&rsquo;arv\u00f4 d&rsquo;une semaine. Les pr\u00e9visions pour samedi prochain sont bonnes, du moins pour l&rsquo;instant. Pierre Michaux","_links":{"self":[{"href":"http:\/\/www.lachartreuse.org\/web\/wp-json\/wp\/v2\/posts\/897","targetHints":{"allow":["GET"]}}],"collection":[{"href":"http:\/\/www.lachartreuse.org\/web\/wp-json\/wp\/v2\/posts"}],"about":[{"href":"http:\/\/www.lachartreuse.org\/web\/wp-json\/wp\/v2\/types\/post"}],"author":[{"embeddable":true,"href":"http:\/\/www.lachartreuse.org\/web\/wp-json\/wp\/v2\/users\/6"}],"replies":[{"embeddable":true,"href":"http:\/\/www.lachartreuse.org\/web\/wp-json\/wp\/v2\/comments?post=897"}],"version-history":[{"count":1,"href":"http:\/\/www.lachartreuse.org\/web\/wp-json\/wp\/v2\/posts\/897\/revisions"}],"predecessor-version":[{"id":29248,"href":"http:\/\/www.lachartreuse.org\/web\/wp-json\/wp\/v2\/posts\/897\/revisions\/29248"}],"wp:featuredmedia":[{"embeddable":true,"href":"http:\/\/www.lachartreuse.org\/web\/wp-json\/wp\/v2\/media\/1260"}],"wp:attachment":[{"href":"http:\/\/www.lachartreuse.org\/web\/wp-json\/wp\/v2\/media?parent=897"}],"wp:term":[{"taxonomy":"category","embeddable":true,"href":"http:\/\/www.lachartreuse.org\/web\/wp-json\/wp\/v2\/categories?post=897"},{"taxonomy":"post_tag","embeddable":true,"href":"http:\/\/www.lachartreuse.org\/web\/wp-json\/wp\/v2\/tags?post=897"}],"curies":[{"name":"wp","href":"https:\/\/api.w.org\/{rel}","templated":true}]}}