{"id":5638,"date":"2022-03-16T07:52:58","date_gmt":"2022-03-16T06:52:58","guid":{"rendered":"http:\/\/www.lachartreuse.org\/web\/?p=5638"},"modified":"2023-08-04T18:47:23","modified_gmt":"2023-08-04T16:47:23","slug":"les-puits-de-la-chartreuse","status":"publish","type":"post","link":"http:\/\/www.lachartreuse.org\/web\/les-puits-de-la-chartreuse\/","title":{"rendered":"Les puits de la Chartreuse"},"content":{"rendered":"\n<p>Si beaucoup de monde connait le puits de la cour du r\u00e9duit, peu de monde connait son origine ainsi que l\u2019emplacement des autres puits dans le domaine.<\/p>\n\n\n\n<p class=\"has-medium-font-size\"><strong>Le puits de l\u2019auberge Rodberg (puits du r\u00e9duit)<\/strong><\/p>\n\n\n\n<p>Le puits de la cour du r\u00e9duit \u00e9tait \u00e0 l\u2019origine celui d\u2019une auberge qui se trouvait sur la route de Li\u00e8ge vers Aix-La-Chapelle via le duch\u00e9 de Limbourg, au-dessus du thier de la Chartreuse. Il s\u2019agissait de l\u2019auberge Rodberg. Cette auberge \u00e9tait parfaitement situ\u00e9e, car au-dessus dudit thier de la Chartreuse, elle permettait aux voyageurs qui quittaient Li\u00e8ge de se d\u00e9salt\u00e9rer, de se restaurer et de faire de m\u00eame avec leurs chevaux qu\u2019il fallait abreuver et nourrir avant de monter vers Fl\u00e9ron puis l\u2019Allemagne. Rappelons qu\u2019avant l\u2019invention de l\u2019automobile, donc des stations-service, c\u2019\u00e9taient des animaux qui assuraient le transport des gens et des marchandises et que c\u2019\u00e9taient eux qu\u2019il fallait nourrir r\u00e9guli\u00e8rement.<\/p>\n\n\n\n<p>Lorsque la construction du nouveau fort a \u00e9t\u00e9 d\u00e9cid\u00e9e, le hameau de P\u00e9ville, dont l\u2019auberge faisait partie, a \u00e9t\u00e9 expropri\u00e9 et d\u00e9moli \u00e0 l\u2019exception de la maison du notaire Lambinon. Lorsque le notaire a d\u00fb la quitter, les ing\u00e9nieurs s\u2019y sont install\u00e9s puis le premier commandant du fort a eu l\u2019autorisation de s\u2019y installer \u00e0 condition de la faire d\u00e9molir en cas de conflit. Cette maison existe toujours, mais est \u00e0 l\u2019\u00e9tat de ruine compl\u00e8te. Elle fera l\u2019objet d\u2019un autre article.<\/p>\n\n\n\n<p>Le puits de l\u2019auberge a donc \u00e9t\u00e9 conserv\u00e9 par l\u2019arm\u00e9e hollandaise puis par l\u2019arm\u00e9e belge pour alimenter le fort. Il \u00e9tait surmont\u00e9 d\u2019un petit b\u00e2timent appel\u00e9 BM14 par l\u2019arm\u00e9e belge. Le puits a un diam\u00e8tre moyen d\u2019environ 1,5 m (un peu plus \u00e9troit \u00e0 la margelle) et une profondeur que nous ne connaissons pas, car l\u2019arm\u00e9e belge l\u2019a rebouch\u00e9 pour une raison que nous ignorons, vraisemblablement dans les ann\u00e9es 50 ou 60, peut-\u00eatre avant. Sa profondeur actuelle est de 16 m environ. \u00c0 environ 12 m, une galerie plus ou moins s\u00e8che d\u2019une hauteur d\u2019environ 1 m part en pente douce montante vers l\u2019int\u00e9rieur de BM9. Il en sera question plus tard dans cet article.<\/p>\n\n\n\n<p>\u00c0 environ 14 m, subsiste la plaque sur laquelle se trouvait une pompe \u00e0 eau \u00e9lectrique. \u00c0 l\u2019origine, c\u2019\u00e9tait bien s\u00fbr un syst\u00e8me manuel qui permettait de tirer de l\u2019eau.<\/p>\n\n\n\n<p>\u00c0 environ 16 m, le puits s\u2019arr\u00eate et il y a de l\u2019eau au fond. Il descend probablement plus bas, mais il serait utile de terminer de le vider.<\/p>\n\n\n\n<p>Il est parfaitement envisageable que ce puits rejoigne l\u2019areine des chartreux, mais sans l\u2019avoir explor\u00e9 plus bas, nous n\u2019en savons rien.<\/p>\n\n\n\n<p>\u00c0 part la margelle sup\u00e9rieure en pierre et les premiers m\u00e8tres en briques, l\u2019ensemble du puits est taill\u00e9 en pleine roche.<\/p>\n\n\n\n<figure class=\"wp-block-image aligncenter size-large is-resized\"><img loading=\"lazy\" decoding=\"async\" src=\"http:\/\/www.lachartreuse.org\/web\/wp-content\/uploads\/2022\/03\/haut-du-puits-1-768x1024.jpg\" alt=\"\" class=\"wp-image-5657\" width=\"576\" height=\"768\" srcset=\"http:\/\/www.lachartreuse.org\/web\/wp-content\/uploads\/2022\/03\/haut-du-puits-1-768x1024.jpg 768w, http:\/\/www.lachartreuse.org\/web\/wp-content\/uploads\/2022\/03\/haut-du-puits-1-225x300.jpg 225w, http:\/\/www.lachartreuse.org\/web\/wp-content\/uploads\/2022\/03\/haut-du-puits-1-1152x1536.jpg 1152w, http:\/\/www.lachartreuse.org\/web\/wp-content\/uploads\/2022\/03\/haut-du-puits-1.jpg 1536w\" sizes=\"auto, (max-width: 576px) 100vw, 576px\" \/><figcaption class=\"wp-element-caption\">Margelle du puits de la cour du r\u00e9duit (Photo Roger Hawaux)<\/figcaption><\/figure>\n\n\n\n<p class=\"has-medium-font-size\"><strong>Le puits de BM9<\/strong><\/p>\n\n\n\n<p>Dans BM9, le b\u00e2timent central du r\u00e9duit, il existe un puits qui descend \u00e0 une profondeur de 10m environ pour rejoindre la galerie relativement s\u00e8che qui vient du puits de la cour du r\u00e9duit. Ce puits n\u2019a pas \u00e9t\u00e9 \u00e9quip\u00e9 de syst\u00e8me de pompage. Certains pr\u00e9tendent que ce puits et celui de la cour du r\u00e9duit permettaient de faire sortir ou renter un homme porteur d\u2019un courrier ou d\u2019\u00e9vacuer le fort en cas de prise de celui-ci, mais ce dernier usage parait peu r\u00e9aliste. De plus, tant que nous n\u2019aurons pas retrouv\u00e9 d\u2019acc\u00e8s vers l\u2019areine des chartreux, nous ne pourrons pas l\u2019affirmer.<\/p>\n\n\n\n<p>Signalons que d\u2019aucuns pr\u00e9tendent qu\u2019il existe un tunnel qui relie la Chartreuse et la Citadelle de Li\u00e8ge. Mettons ici les choses au point, \u00e0 l\u2019\u00e9poque o\u00f9 ce tunnel aurait \u00e9t\u00e9 construit, il n\u2019existait pas de moyens pour pomper l\u2019eau qui n\u2019aurait pas manqu\u00e9 de remplir ce tunnel. L\u2019existence de ce tunnel rel\u00e8ve donc de la vaste fumisterie.<\/p>\n\n\n\n<figure class=\"wp-block-image aligncenter size-large is-resized\"><img loading=\"lazy\" decoding=\"async\" src=\"http:\/\/www.lachartreuse.org\/web\/wp-content\/uploads\/2022\/03\/tunnel-du-puits-rhawaux-1-1024x769.jpg\" alt=\"\" class=\"wp-image-5662\" width=\"768\" height=\"577\" srcset=\"http:\/\/www.lachartreuse.org\/web\/wp-content\/uploads\/2022\/03\/tunnel-du-puits-rhawaux-1-1024x769.jpg 1024w, http:\/\/www.lachartreuse.org\/web\/wp-content\/uploads\/2022\/03\/tunnel-du-puits-rhawaux-1-300x225.jpg 300w, http:\/\/www.lachartreuse.org\/web\/wp-content\/uploads\/2022\/03\/tunnel-du-puits-rhawaux-1-768x576.jpg 768w, http:\/\/www.lachartreuse.org\/web\/wp-content\/uploads\/2022\/03\/tunnel-du-puits-rhawaux-1-1536x1153.jpg 1536w, http:\/\/www.lachartreuse.org\/web\/wp-content\/uploads\/2022\/03\/tunnel-du-puits-rhawaux-1.jpg 2048w\" sizes=\"auto, (max-width: 768px) 100vw, 768px\" \/><figcaption class=\"wp-element-caption\">Tunnel depuis le puits de la cour du r\u00e9duit vers BM9 (Photo Roger Hawaux)<\/figcaption><\/figure>\n\n\n\n<p class=\"has-medium-font-size\"><strong>Le puits de BM22 (maison Lambinon)<\/strong><\/p>\n\n\n\n<p>\u00c0 une \u00e9poque o\u00f9 les r\u00e9seaux de distribution d\u2019eau n\u2019existaient pas, chaque maison ou groupe de maisons isol\u00e9 devait avoir son propre puits. C\u2019\u00e9tait bien s\u00fbr le cas de l\u2019auberge dont nous venons de parler, mais aussi celui de la maison du notaire Lambinon.<\/p>\n\n\n\n<p>Pendant les quinze ans o\u00f9 l\u2019ASBL \u00ab&nbsp;La Chartreuse&nbsp;\u00bb a eu une concession dans le fort, nous n\u2019avons jamais r\u00e9ellement essay\u00e9 de retrouver ce puits. Nous sommes donc incapables de dire si celui-ci communiquait avec l\u2019areine des chartreux.<\/p>\n\n\n\n<p class=\"has-medium-font-size\"><strong>Le puits du rempart<\/strong><\/p>\n\n\n\n<p>Dans le rempart du corps de place, pr\u00e8s de BM20 (caserne de 1939), se trouve un puits d\u2019une dizaine de m\u00e8tres de profondeur qui donne de l\u2019eau propre. Nous ne sommes jamais descendus dans ce puits, mais nous en avons d\u00e9j\u00e0 tir\u00e9 de l\u2019eau claire. Il se trouve au fond d\u2019un petit tunnel (10m sur 1,9m de haut et 1m de largeur) et mesure environ 1m de diam\u00e8tre. Il est taill\u00e9 en pleine roche tandis que le tunnel d\u2019acc\u00e8s est en briques. Il n\u2019a aucune communication avec l\u2019areine des chartreux, car aucun tunnel n\u2019en part.<\/p>\n\n\n\n<p>Ce puits avait \u00e9t\u00e9 ferm\u00e9 par une grille dans les ann\u00e9es 90, mais quelqu\u2019un a coup\u00e9 cette grille depuis.<\/p>\n\n\n\n<figure class=\"wp-block-image aligncenter size-large is-resized\"><img loading=\"lazy\" decoding=\"async\" src=\"http:\/\/www.lachartreuse.org\/web\/wp-content\/uploads\/2022\/03\/galerie-dacces-pmichaux-1-1-686x1024.jpg\" alt=\"\" class=\"wp-image-5663\" width=\"515\" height=\"768\" srcset=\"http:\/\/www.lachartreuse.org\/web\/wp-content\/uploads\/2022\/03\/galerie-dacces-pmichaux-1-1-686x1024.jpg 686w, http:\/\/www.lachartreuse.org\/web\/wp-content\/uploads\/2022\/03\/galerie-dacces-pmichaux-1-1-201x300.jpg 201w, http:\/\/www.lachartreuse.org\/web\/wp-content\/uploads\/2022\/03\/galerie-dacces-pmichaux-1-1-768x1147.jpg 768w, http:\/\/www.lachartreuse.org\/web\/wp-content\/uploads\/2022\/03\/galerie-dacces-pmichaux-1-1-1028x1536.jpg 1028w, http:\/\/www.lachartreuse.org\/web\/wp-content\/uploads\/2022\/03\/galerie-dacces-pmichaux-1-1.jpg 1232w\" sizes=\"auto, (max-width: 515px) 100vw, 515px\" \/><figcaption class=\"wp-element-caption\">Puits dans le rempart du corps de place (Photo Pierre Michaux)<\/figcaption><\/figure>\n\n\n\n<p>Notons que selon plusieurs archives auxquelles nous avons eu acc\u00e8s, il aurait aussi exist\u00e9 un puits pr\u00e8s de BM32 (forge) (voir l\u2019article \u00ab&nbsp;Le fort de La Chartreuse, du d\u00e9classement \u00e0 l\u2019abandon (2) dans cette section) qui aurait \u00e9t\u00e9 combl\u00e9. Nous ne savons absolument pas s\u2019il communiquait avec l\u2019areine des chartreux.<\/p>\n\n\n\n<p class=\"has-medium-font-size\"><strong>La citerne de BM40 (\u00ab&nbsp;vieille ferme&nbsp;\u00bb)<\/strong><\/p>\n\n\n\n<p>Cette citerne n\u2019\u00e9tait bien s\u00fbr pas un puits, mais \u00e9tait aliment\u00e9e par les eaux pluviales de BM40 (parfois erron\u00e9ment appel\u00e9 \u00ab&nbsp;vieille ferme&nbsp;\u00bb ou \u00ab&nbsp;ferme des chartreux&nbsp;\u00bb). Elle n\u2019\u00e9tait plus aliment\u00e9e par BM40 et encore moins depuis que le b\u00e2timent a \u00e9t\u00e9 d\u00e9moli par la ville de Li\u00e8ge en 2019.<\/p>\n\n\n\n<p class=\"has-medium-font-size\"><strong>L\u2019areine des chartreux<\/strong><\/p>\n\n\n\n<p>Nous n\u2019\u00e9voquerons pas l\u2019endroit o\u00f9 d\u00e9bouche cette areine et n\u2019en publierons pas de photos pour ne pas que le propri\u00e9taire de l\u2019endroit soit importun\u00e9.<\/p>\n\n\n\n<p>L\u2019areine des chartreux a \u00e9t\u00e9 perc\u00e9e en pente douce \u00e0 flanc de colline et rejoint vraisemblablement le puits de l\u2019auberge Rodberg dont il est question ci-dessus. Elle mesure environ 1m de haut sur 0,6m de large. Il existait des branches \u00e0 gauche et \u00e0 droite de l\u2019areine principale, mais elles ont \u00e9t\u00e9 d\u00e9truites au fil des ans. L\u2019areine principale est elle aussi bouch\u00e9e \u00e0 environ 200m et nous n\u2019en connaissons pas la cause.<\/p>\n\n\n\n<p>Une \u00e9quipe de membres de l\u2019ASBL La Chartreuse avait vid\u00e9 le puits de la cour du r\u00e9duit en 1986 jusqu\u2019\u00e0 sa profondeur actuelle et en 2021, une \u00e9quipe de sp\u00e9l\u00e9ologues y est redescendue.<\/p>\n\n\n\n<p>Il serait int\u00e9ressant de recr\u00e9er l\u2019acc\u00e8s du puits vers l\u2019areine mais pour le moment, ce n\u2019est vraiment pas une priorit\u00e9.<\/p>\n\n\n\n<p>R\u00e9f\u00e9rence: <em>La Chartreuse<\/em>, R. Meijers, \u00e9dit\u00e9 par le CLHAM, 1989<\/p>\n\n\n\n<p>Pierre Michaux<\/p>\n<div class=\"pdfprnt-buttons pdfprnt-buttons-post pdfprnt-bottom-right\"><a href=\"http:\/\/www.lachartreuse.org\/web\/wp-json\/wp\/v2\/posts\/5638?print=pdf\" class=\"pdfprnt-button pdfprnt-button-pdf\" target=\"_blank\" ><img decoding=\"async\" src=\"http:\/\/www.lachartreuse.org\/web\/wp-content\/plugins\/pdf-print\/images\/pdf.png\" alt=\"image_pdf\" title=\"T\u00e9l\u00e9charger le PDF\" \/><\/a><a href=\"http:\/\/www.lachartreuse.org\/web\/wp-json\/wp\/v2\/posts\/5638?print=print\" class=\"pdfprnt-button pdfprnt-button-print\" target=\"_blank\" ><img decoding=\"async\" src=\"http:\/\/www.lachartreuse.org\/web\/wp-content\/plugins\/pdf-print\/images\/print.png\" alt=\"image_print\" title=\"Contenu imprim\u00e9\" \/><\/a><\/div>","protected":false},"excerpt":{"rendered":"<p>Si beaucoup de monde connait le puits de la cour du r\u00e9duit, peu de monde connait son origine ainsi que l\u2019emplacement des autres puits dans le domaine. Le puits de l\u2019auberge Rodberg (puits du r\u00e9duit) Le puits de la cour du r\u00e9duit \u00e9tait \u00e0 l\u2019origine celui d\u2019une auberge qui se trouvait sur la route de [&hellip;]<\/p>\n","protected":false},"author":6,"featured_media":5657,"comment_status":"closed","ping_status":"open","sticky":false,"template":"","format":"standard","meta":{"_eb_attr":"","_uag_custom_page_level_css":"","site-sidebar-layout":"default","site-content-layout":"","ast-site-content-layout":"default","site-content-style":"default","site-sidebar-style":"default","ast-global-header-display":"","ast-banner-title-visibility":"","ast-main-header-display":"","ast-hfb-above-header-display":"","ast-hfb-below-header-display":"","ast-hfb-mobile-header-display":"","site-post-title":"","ast-breadcrumbs-content":"","ast-featured-img":"","footer-sml-layout":"","ast-disable-related-posts":"","theme-transparent-header-meta":"","adv-header-id-meta":"","stick-header-meta":"","header-above-stick-meta":"","header-main-stick-meta":"","header-below-stick-meta":"","astra-migrate-meta-layouts":"default","ast-page-background-enabled":"default","ast-page-background-meta":{"desktop":{"background-color":"var(--ast-global-color-4)","background-image":"","background-repeat":"repeat","background-position":"center center","background-size":"auto","background-attachment":"scroll","background-type":"","background-media":"","overlay-type":"","overlay-color":"","overlay-opacity":"","overlay-gradient":""},"tablet":{"background-color":"","background-image":"","background-repeat":"repeat","background-position":"center center","background-size":"auto","background-attachment":"scroll","background-type":"","background-media":"","overlay-type":"","overlay-color":"","overlay-opacity":"","overlay-gradient":""},"mobile":{"background-color":"","background-image":"","background-repeat":"repeat","background-position":"center center","background-size":"auto","background-attachment":"scroll","background-type":"","background-media":"","overlay-type":"","overlay-color":"","overlay-opacity":"","overlay-gradient":""}},"ast-content-background-meta":{"desktop":{"background-color":"var(--ast-global-color-5)","background-image":"","background-repeat":"repeat","background-position":"center center","background-size":"auto","background-attachment":"scroll","background-type":"","background-media":"","overlay-type":"","overlay-color":"","overlay-opacity":"","overlay-gradient":""},"tablet":{"background-color":"var(--ast-global-color-5)","background-image":"","background-repeat":"repeat","background-position":"center center","background-size":"auto","background-attachment":"scroll","background-type":"","background-media":"","overlay-type":"","overlay-color":"","overlay-opacity":"","overlay-gradient":""},"mobile":{"background-color":"var(--ast-global-color-5)","background-image":"","background-repeat":"repeat","background-position":"center center","background-size":"auto","background-attachment":"scroll","background-type":"","background-media":"","overlay-type":"","overlay-color":"","overlay-opacity":"","overlay-gradient":""}},"footnotes":""},"categories":[7],"tags":[],"class_list":["post-5638","post","type-post","status-publish","format-standard","has-post-thumbnail","hentry","category-au-fil-des-jours"],"featured_image_src":"http:\/\/www.lachartreuse.org\/web\/wp-content\/uploads\/2022\/03\/haut-du-puits-1.jpg","author_info":{"display_name":"Pierre Michaux","author_link":"http:\/\/www.lachartreuse.org\/web\/author\/pmichaux\/"},"uagb_featured_image_src":{"full":["http:\/\/www.lachartreuse.org\/web\/wp-content\/uploads\/2022\/03\/haut-du-puits-1.jpg",1536,2048,false],"thumbnail":["http:\/\/www.lachartreuse.org\/web\/wp-content\/uploads\/2022\/03\/haut-du-puits-1-150x150.jpg",150,150,true],"medium":["http:\/\/www.lachartreuse.org\/web\/wp-content\/uploads\/2022\/03\/haut-du-puits-1-225x300.jpg",225,300,true],"medium_large":["http:\/\/www.lachartreuse.org\/web\/wp-content\/uploads\/2022\/03\/haut-du-puits-1-768x1024.jpg",768,1024,true],"large":["http:\/\/www.lachartreuse.org\/web\/wp-content\/uploads\/2022\/03\/haut-du-puits-1-768x1024.jpg",768,1024,true],"1536x1536":["http:\/\/www.lachartreuse.org\/web\/wp-content\/uploads\/2022\/03\/haut-du-puits-1-1152x1536.jpg",1152,1536,true],"2048x2048":["http:\/\/www.lachartreuse.org\/web\/wp-content\/uploads\/2022\/03\/haut-du-puits-1.jpg",1536,2048,false]},"uagb_author_info":{"display_name":"Pierre Michaux","author_link":"http:\/\/www.lachartreuse.org\/web\/author\/pmichaux\/"},"uagb_comment_info":0,"uagb_excerpt":"Si beaucoup de monde connait le puits de la cour du r\u00e9duit, peu de monde connait son origine ainsi que l\u2019emplacement des autres puits dans le domaine. Le puits de l\u2019auberge Rodberg (puits du r\u00e9duit) Le puits de la cour du r\u00e9duit \u00e9tait \u00e0 l\u2019origine celui d\u2019une auberge qui se trouvait sur la route de\u2026","_links":{"self":[{"href":"http:\/\/www.lachartreuse.org\/web\/wp-json\/wp\/v2\/posts\/5638","targetHints":{"allow":["GET"]}}],"collection":[{"href":"http:\/\/www.lachartreuse.org\/web\/wp-json\/wp\/v2\/posts"}],"about":[{"href":"http:\/\/www.lachartreuse.org\/web\/wp-json\/wp\/v2\/types\/post"}],"author":[{"embeddable":true,"href":"http:\/\/www.lachartreuse.org\/web\/wp-json\/wp\/v2\/users\/6"}],"replies":[{"embeddable":true,"href":"http:\/\/www.lachartreuse.org\/web\/wp-json\/wp\/v2\/comments?post=5638"}],"version-history":[{"count":2,"href":"http:\/\/www.lachartreuse.org\/web\/wp-json\/wp\/v2\/posts\/5638\/revisions"}],"predecessor-version":[{"id":29384,"href":"http:\/\/www.lachartreuse.org\/web\/wp-json\/wp\/v2\/posts\/5638\/revisions\/29384"}],"wp:featuredmedia":[{"embeddable":true,"href":"http:\/\/www.lachartreuse.org\/web\/wp-json\/wp\/v2\/media\/5657"}],"wp:attachment":[{"href":"http:\/\/www.lachartreuse.org\/web\/wp-json\/wp\/v2\/media?parent=5638"}],"wp:term":[{"taxonomy":"category","embeddable":true,"href":"http:\/\/www.lachartreuse.org\/web\/wp-json\/wp\/v2\/categories?post=5638"},{"taxonomy":"post_tag","embeddable":true,"href":"http:\/\/www.lachartreuse.org\/web\/wp-json\/wp\/v2\/tags?post=5638"}],"curies":[{"name":"wp","href":"https:\/\/api.w.org\/{rel}","templated":true}]}}