{"id":5402,"date":"2020-06-30T17:58:51","date_gmt":"2020-06-30T15:58:51","guid":{"rendered":"http:\/\/www.lachartreuse.org\/web\/?p=5402"},"modified":"2023-08-04T19:18:20","modified_gmt":"2023-08-04T17:18:20","slug":"conseil-communal-du-29-06-2020","status":"publish","type":"post","link":"http:\/\/www.lachartreuse.org\/web\/conseil-communal-du-29-06-2020\/","title":{"rendered":"Conseil communal du 29.06.2020"},"content":{"rendered":"\n<div style=\"height:50px\" aria-hidden=\"true\" class=\"wp-block-spacer\"><\/div>\n\n\n\n<p>Le Conseil communal de la Ville de Li\u00e8ge de ce 29 juin avait \u00e0 son ordre du jour deux points concernant le projet de Matexi au sein de la ZAC de la Chartreuse.<\/p>\n\n\n\n<blockquote class=\"wp-block-quote is-style-default is-layout-flow wp-block-quote-is-layout-flow\">\n<p>53. Prise de connaissance des r\u00e9sultats de l&rsquo;enqu\u00eate publique organis\u00e9e dans le cadre de la demande conjointe de permis d&rsquo;urbanisme et d&rsquo;ouverture et de modification de voiries communales impliquant la modification d&rsquo;un alignement relative \u00e0 des terrains sis Thier de la Chartreuse 70 \u00e0 94 \u00e0 125 \u00e0 4020 LIEGE.<\/p>\n<\/blockquote>\n\n\n\n<blockquote class=\"wp-block-quote is-layout-flow wp-block-quote-is-layout-flow\">\n<p>54. Prise de connaissance des r\u00e9sultats de l&rsquo;enqu\u00eate publique organis\u00e9e dans le cadre de la demande conjointe de permis d&rsquo;urbanisme n\u00b0 PU\/88113 D et d&rsquo;ouverture et modification de voiries communales impliquant la modification d&rsquo;un alignement, relative \u00e0 des terrains sis Thier de la Chartreuse 70 \u00e0 94 \u00e0 125 \u00e0 4020 LIEGE &#8211; marque son accord sur l&rsquo;ouverture et la modification de voiries communales sis Thier de la Chartreuse telle que reprise au plan n\u00b0 9 \u00ab Plan de d\u00e9limitation \u00bb. <\/p>\n<\/blockquote>\n\n\n\n<p>La s\u00e9ance \u00e9tait retransmise en direct sur le site web de la Ville de Li\u00e8ge, via YouTube. Ci-dessous, la vid\u00e9o de la retransmission, <em>qui d\u00e9marre au moment o\u00f9 les points 53 et 54 sont pr\u00e9sent\u00e9s<\/em> par Mme l&rsquo;\u00e9chevine Christine Defraigne. Suivent les interventions des conseillers communaux.<\/p>\n\n\n\n<figure class=\"wp-block-embed is-type-video is-provider-youtube wp-block-embed-youtube wp-embed-aspect-16-9 wp-has-aspect-ratio\"><div class=\"wp-block-embed__wrapper\">\n<iframe loading=\"lazy\" title=\"Retransmission du Conseil Communal du 29 juin 2020\" width=\"500\" height=\"281\" src=\"https:\/\/www.youtube.com\/embed\/e6-NZNiLFCM?start=1247&#038;feature=oembed\" frameborder=\"0\" allow=\"accelerometer; autoplay; clipboard-write; encrypted-media; gyroscope; picture-in-picture; web-share\" referrerpolicy=\"strict-origin-when-cross-origin\" allowfullscreen><\/iframe>\n<\/div><\/figure>\n\n\n\n<p class=\"has-text-align-center has-small-font-size\">Lien vers la chaine YouTube de la Ville de Li\u00e8ge.<\/p>\n\n\n\n<p>Vous pouvez \u00e9galement t\u00e9l\u00e9charger l&rsquo;enregistrement audio seul:<\/p>\n\n\n\n<figure class=\"wp-block-audio aligncenter\"><audio controls src=\"http:\/\/www.lachartreuse.org\/web\/wp-content\/uploads\/2020\/06\/cc-liege-2900620-chartreuse-1-1.mp3\"><\/audio><\/figure>\n<div class=\"pdfprnt-buttons pdfprnt-buttons-post pdfprnt-bottom-right\"><a href=\"http:\/\/www.lachartreuse.org\/web\/wp-json\/wp\/v2\/posts\/5402?print=pdf\" class=\"pdfprnt-button pdfprnt-button-pdf\" target=\"_blank\" ><img decoding=\"async\" src=\"http:\/\/www.lachartreuse.org\/web\/wp-content\/plugins\/pdf-print\/images\/pdf.png\" alt=\"image_pdf\" title=\"T\u00e9l\u00e9charger le PDF\" \/><\/a><a href=\"http:\/\/www.lachartreuse.org\/web\/wp-json\/wp\/v2\/posts\/5402?print=print\" class=\"pdfprnt-button pdfprnt-button-print\" target=\"_blank\" ><img decoding=\"async\" src=\"http:\/\/www.lachartreuse.org\/web\/wp-content\/plugins\/pdf-print\/images\/print.png\" alt=\"image_print\" title=\"Contenu imprim\u00e9\" \/><\/a><\/div>","protected":false},"excerpt":{"rendered":"<p>Le Conseil communal de la Ville de Li\u00e8ge de ce 29 juin avait \u00e0 son ordre du jour deux points concernant le projet de Matexi au sein de la ZAC de la Chartreuse. 53. Prise de connaissance des r\u00e9sultats de l&rsquo;enqu\u00eate publique organis\u00e9e dans le cadre de la demande conjointe de permis d&rsquo;urbanisme et d&rsquo;ouverture [&hellip;]<\/p>\n","protected":false},"author":6,"featured_media":5424,"comment_status":"closed","ping_status":"open","sticky":false,"template":"","format":"standard","meta":{"_eb_attr":"","_uag_custom_page_level_css":"","site-sidebar-layout":"default","site-content-layout":"","ast-site-content-layout":"default","site-content-style":"default","site-sidebar-style":"default","ast-global-header-display":"","ast-banner-title-visibility":"","ast-main-header-display":"","ast-hfb-above-header-display":"","ast-hfb-below-header-display":"","ast-hfb-mobile-header-display":"","site-post-title":"","ast-breadcrumbs-content":"","ast-featured-img":"","footer-sml-layout":"","ast-disable-related-posts":"","theme-transparent-header-meta":"","adv-header-id-meta":"","stick-header-meta":"","header-above-stick-meta":"","header-main-stick-meta":"","header-below-stick-meta":"","astra-migrate-meta-layouts":"default","ast-page-background-enabled":"default","ast-page-background-meta":{"desktop":{"background-color":"var(--ast-global-color-4)","background-image":"","background-repeat":"repeat","background-position":"center center","background-size":"auto","background-attachment":"scroll","background-type":"","background-media":"","overlay-type":"","overlay-color":"","overlay-opacity":"","overlay-gradient":""},"tablet":{"background-color":"","background-image":"","background-repeat":"repeat","background-position":"center center","background-size":"auto","background-attachment":"scroll","background-type":"","background-media":"","overlay-type":"","overlay-color":"","overlay-opacity":"","overlay-gradient":""},"mobile":{"background-color":"","background-image":"","background-repeat":"repeat","background-position":"center center","background-size":"auto","background-attachment":"scroll","background-type":"","background-media":"","overlay-type":"","overlay-color":"","overlay-opacity":"","overlay-gradient":""}},"ast-content-background-meta":{"desktop":{"background-color":"var(--ast-global-color-5)","background-image":"","background-repeat":"repeat","background-position":"center center","background-size":"auto","background-attachment":"scroll","background-type":"","background-media":"","overlay-type":"","overlay-color":"","overlay-opacity":"","overlay-gradient":""},"tablet":{"background-color":"var(--ast-global-color-5)","background-image":"","background-repeat":"repeat","background-position":"center center","background-size":"auto","background-attachment":"scroll","background-type":"","background-media":"","overlay-type":"","overlay-color":"","overlay-opacity":"","overlay-gradient":""},"mobile":{"background-color":"var(--ast-global-color-5)","background-image":"","background-repeat":"repeat","background-position":"center center","background-size":"auto","background-attachment":"scroll","background-type":"","background-media":"","overlay-type":"","overlay-color":"","overlay-opacity":"","overlay-gradient":""}},"footnotes":""},"categories":[7],"tags":[],"class_list":["post-5402","post","type-post","status-publish","format-standard","has-post-thumbnail","hentry","category-au-fil-des-jours"],"featured_image_src":"http:\/\/www.lachartreuse.org\/web\/wp-content\/uploads\/2020\/06\/cc290620-1140x760x144-1.jpg","author_info":{"display_name":"Pierre Michaux","author_link":"http:\/\/www.lachartreuse.org\/web\/author\/pmichaux\/"},"uagb_featured_image_src":{"full":["http:\/\/www.lachartreuse.org\/web\/wp-content\/uploads\/2020\/06\/cc290620-1140x760x144-1.jpg",1140,760,false],"thumbnail":["http:\/\/www.lachartreuse.org\/web\/wp-content\/uploads\/2020\/06\/cc290620-1140x760x144-1-150x150.jpg",150,150,true],"medium":["http:\/\/www.lachartreuse.org\/web\/wp-content\/uploads\/2020\/06\/cc290620-1140x760x144-1-300x200.jpg",300,200,true],"medium_large":["http:\/\/www.lachartreuse.org\/web\/wp-content\/uploads\/2020\/06\/cc290620-1140x760x144-1-768x512.jpg",768,512,true],"large":["http:\/\/www.lachartreuse.org\/web\/wp-content\/uploads\/2020\/06\/cc290620-1140x760x144-1-1024x683.jpg",1024,683,true],"1536x1536":["http:\/\/www.lachartreuse.org\/web\/wp-content\/uploads\/2020\/06\/cc290620-1140x760x144-1.jpg",1140,760,false],"2048x2048":["http:\/\/www.lachartreuse.org\/web\/wp-content\/uploads\/2020\/06\/cc290620-1140x760x144-1.jpg",1140,760,false]},"uagb_author_info":{"display_name":"Pierre Michaux","author_link":"http:\/\/www.lachartreuse.org\/web\/author\/pmichaux\/"},"uagb_comment_info":0,"uagb_excerpt":"Le Conseil communal de la Ville de Li\u00e8ge de ce 29 juin avait \u00e0 son ordre du jour deux points concernant le projet de Matexi au sein de la ZAC de la Chartreuse. 53. Prise de connaissance des r\u00e9sultats de l&rsquo;enqu\u00eate publique organis\u00e9e dans le cadre de la demande conjointe de permis d&rsquo;urbanisme et d&rsquo;ouverture\u2026","_links":{"self":[{"href":"http:\/\/www.lachartreuse.org\/web\/wp-json\/wp\/v2\/posts\/5402","targetHints":{"allow":["GET"]}}],"collection":[{"href":"http:\/\/www.lachartreuse.org\/web\/wp-json\/wp\/v2\/posts"}],"about":[{"href":"http:\/\/www.lachartreuse.org\/web\/wp-json\/wp\/v2\/types\/post"}],"author":[{"embeddable":true,"href":"http:\/\/www.lachartreuse.org\/web\/wp-json\/wp\/v2\/users\/6"}],"replies":[{"embeddable":true,"href":"http:\/\/www.lachartreuse.org\/web\/wp-json\/wp\/v2\/comments?post=5402"}],"version-history":[{"count":1,"href":"http:\/\/www.lachartreuse.org\/web\/wp-json\/wp\/v2\/posts\/5402\/revisions"}],"predecessor-version":[{"id":29133,"href":"http:\/\/www.lachartreuse.org\/web\/wp-json\/wp\/v2\/posts\/5402\/revisions\/29133"}],"wp:featuredmedia":[{"embeddable":true,"href":"http:\/\/www.lachartreuse.org\/web\/wp-json\/wp\/v2\/media\/5424"}],"wp:attachment":[{"href":"http:\/\/www.lachartreuse.org\/web\/wp-json\/wp\/v2\/media?parent=5402"}],"wp:term":[{"taxonomy":"category","embeddable":true,"href":"http:\/\/www.lachartreuse.org\/web\/wp-json\/wp\/v2\/categories?post=5402"},{"taxonomy":"post_tag","embeddable":true,"href":"http:\/\/www.lachartreuse.org\/web\/wp-json\/wp\/v2\/tags?post=5402"}],"curies":[{"name":"wp","href":"https:\/\/api.w.org\/{rel}","templated":true}]}}