{"id":5354,"date":"2020-02-22T09:30:07","date_gmt":"2020-02-22T08:30:07","guid":{"rendered":"http:\/\/www.lachartreuse.org\/web\/?p=5354"},"modified":"2023-08-04T19:20:42","modified_gmt":"2023-08-04T17:20:42","slug":"matexi-courrier-de-notre-asbl-a-la-ville-de-liege","status":"publish","type":"post","link":"http:\/\/www.lachartreuse.org\/web\/matexi-courrier-de-notre-asbl-a-la-ville-de-liege\/","title":{"rendered":"Matexi: courrier de notre ASBL \u00e0 la Ville de Li\u00e8ge"},"content":{"rendered":"\n<figure class=\"wp-block-image size-large\"><img loading=\"lazy\" decoding=\"async\" width=\"1024\" height=\"577\" src=\"http:\/\/www.lachartreuse.org\/web\/wp-content\/uploads\/2020\/02\/matexi2-chartreuse-1-1024x577.jpg\" alt=\"\" class=\"wp-image-5359\" srcset=\"http:\/\/www.lachartreuse.org\/web\/wp-content\/uploads\/2020\/02\/matexi2-chartreuse-1-1024x577.jpg 1024w, http:\/\/www.lachartreuse.org\/web\/wp-content\/uploads\/2020\/02\/matexi2-chartreuse-1-300x169.jpg 300w, http:\/\/www.lachartreuse.org\/web\/wp-content\/uploads\/2020\/02\/matexi2-chartreuse-1-768x432.jpg 768w, http:\/\/www.lachartreuse.org\/web\/wp-content\/uploads\/2020\/02\/matexi2-chartreuse-1.jpg 1348w\" sizes=\"auto, (max-width: 1024px) 100vw, 1024px\" \/><\/figure>\n\n\n\n<p>La soci\u00e9t\u00e9 Matexi a d\u00e9pos\u00e9 une nouvelle demande de permis de\nb\u00e2tir pour ses terrains situ\u00e9s thier de La Chartreuse.<\/p>\n\n\n\n<p>L\u2019ASBL \u00ab&nbsp;La Chartreuse&nbsp;\u00bb a envoy\u00e9 \u00e0 la ville de\nLi\u00e8ge un courrier reprenant ses observations quant au projet.<\/p>\n\n\n\n<p>Vous trouverez le texte ci-apr\u00e8s.<\/p>\n\n\n\n<div style=\"background-color:#eeeeee\" class=\"wp-block-atomic-blocks-ab-container ab-block-container\"><div class=\"ab-container-inside\"><div class=\"ab-container-content\">\n<p class=\"has-small-font-size\">Monsieur le Bourgmestre,<br>Mesdames les Echevines,<br>Messieurs les Echevins,<\/p>\n<p style=\"font-size:14px\">Vous\ntrouverez ci-apr\u00e8s nos observations concernant la demande de permis d\u2019urbanisme\nintroduite par la SA Matexi.<\/p>\n<p style=\"font-size:14px\">L\u2019augmentation\ndu charroi caus\u00e9 par ces nouvelles constructions est un probl\u00e8me important. La\nrue des Fusill\u00e9s et le thier de la Chartreuse sont des rues \u00e9troites. <\/p>\n<p style=\"font-size:14px\">En\n1994, la Ville de Li\u00e8ge avait \u00e9labor\u00e9 un projet de sch\u00e9ma directeur lequel\nreprenait les grandes lignes de notre projet d\u2019am\u00e9nagement du site et pr\u00e9voyait\nun lotissement d\u2019une zone \u00e0 b\u00e2tir rue des Fusill\u00e9s, dans le prolongement des\nhabitations existantes en venant de la N3. <\/p>\n<p style=\"font-size:14px\">Cette\nsolution implique le d\u00e9classement de cette zone au plan de secteur de 1987, zone\nqui est la propri\u00e9t\u00e9 de la Ville de Li\u00e8ge. De zone verte, elle deviendrait zone\nd\u2019habitat. Les motifs de son classement en zone verte n\u2019existent plus&nbsp;:\nils \u00e9taient li\u00e9s \u00e0 la pr\u00e9sence du crapaud calamite et du crapaud alyte. La\ndisparition du bassin d\u2019orage et des zones humides adjacentes ont provoqu\u00e9 leur\nd\u00e9placement, tr\u00e8s probablement dans un autre endroit du site.<\/p>\n<p style=\"font-size:14px\">Cette\nsolution exige \u00e9galement un \u00e9change de terrain entre la Ville et la soci\u00e9t\u00e9\nMatexi.<\/p>\n<p style=\"font-size:14px\">Le\nprobl\u00e8me de mobilit\u00e9 sans \u00eatre enti\u00e8rement r\u00e9solu serait au moins limit\u00e9 dans\nson \u00e9tendue.<\/p>\n<p style=\"font-size:14px\">Une\nautre question, qui a inqui\u00e9t\u00e9 pas mal de monde, est celle de l\u2019araine des\nChartreux et son r\u00e9seau de collecteurs. Elle est orient\u00e9e NO-SE et est taill\u00e9e\ndans les gr\u00e8s houillers (<em>Etude des incidences,<\/em> SA Pissart 2017 p.119) Son\ntrac\u00e9 en amont de l\u2019ancienne ferme des Chartreux n\u2019est pas clairement identifi\u00e9\nmais selon les personnes de l\u2019asbl qui l\u2019ont explor\u00e9e jusqu\u2019\u00e0 l\u2019obstacle form\u00e9\npar un \u00e9boulement, son trac\u00e9 passerait dans la cour du r\u00e9duit sous l\u2019ancienne\nauberge Rodberg.<\/p>\n<p style=\"font-size:14px\">Dans\nle cas d\u2019un lotissement rue des Fusill\u00e9s, le risque de la pr\u00e9sence de l\u2019araine\nen sous-sol est \u00e0 \u00e9carter.<\/p>\n<p style=\"font-size:14px\">Nous\nnous demandons pourquoi la Ville de Li\u00e8ge a abandonn\u00e9 cette id\u00e9e d\u2019une zone\nconstructible rue des Fusill\u00e9s alors qu\u2019elle avait fait l\u2019unanimit\u00e9 des associations\net mandataires politiques en 1994.<\/p>\n<p style=\"font-size:14px\">Nous vous souhaitons bonne r\u00e9ception de la pr\u00e9sente et vous prions de croire, Monsieur le Bourgmestre, Mesdames et Messieurs les \u00e9chevin(e)s en l\u2019assurance de notre consid\u00e9ration distingu\u00e9e.<\/p>\n<\/div><\/div><\/div>\n\n\n\n<hr class=\"wp-block-separator has-css-opacity\"\/>\n\n\n\n<p><strong><em>Pierre Michaux<\/em><\/strong><\/p>\n<div class=\"pdfprnt-buttons pdfprnt-buttons-post pdfprnt-bottom-right\"><a href=\"http:\/\/www.lachartreuse.org\/web\/wp-json\/wp\/v2\/posts\/5354?print=pdf\" class=\"pdfprnt-button pdfprnt-button-pdf\" target=\"_blank\" ><img decoding=\"async\" src=\"http:\/\/www.lachartreuse.org\/web\/wp-content\/plugins\/pdf-print\/images\/pdf.png\" alt=\"image_pdf\" title=\"T\u00e9l\u00e9charger le PDF\" \/><\/a><a href=\"http:\/\/www.lachartreuse.org\/web\/wp-json\/wp\/v2\/posts\/5354?print=print\" class=\"pdfprnt-button pdfprnt-button-print\" target=\"_blank\" ><img decoding=\"async\" src=\"http:\/\/www.lachartreuse.org\/web\/wp-content\/plugins\/pdf-print\/images\/print.png\" alt=\"image_print\" title=\"Contenu imprim\u00e9\" \/><\/a><\/div>","protected":false},"excerpt":{"rendered":"<p>La soci\u00e9t\u00e9 Matexi a d\u00e9pos\u00e9 une nouvelle demande de permis de b\u00e2tir pour ses terrains situ\u00e9s thier de La Chartreuse. L\u2019ASBL \u00ab&nbsp;La Chartreuse&nbsp;\u00bb a envoy\u00e9 \u00e0 la ville de Li\u00e8ge un courrier reprenant ses observations quant au projet. Vous trouverez le texte ci-apr\u00e8s. Monsieur le Bourgmestre,Mesdames les Echevines,Messieurs les Echevins, Vous trouverez ci-apr\u00e8s nos observations [&hellip;]<\/p>\n","protected":false},"author":6,"featured_media":5359,"comment_status":"closed","ping_status":"open","sticky":false,"template":"","format":"standard","meta":{"_eb_attr":"","_uag_custom_page_level_css":"","site-sidebar-layout":"default","site-content-layout":"","ast-site-content-layout":"default","site-content-style":"default","site-sidebar-style":"default","ast-global-header-display":"","ast-banner-title-visibility":"","ast-main-header-display":"","ast-hfb-above-header-display":"","ast-hfb-below-header-display":"","ast-hfb-mobile-header-display":"","site-post-title":"","ast-breadcrumbs-content":"","ast-featured-img":"","footer-sml-layout":"","ast-disable-related-posts":"","theme-transparent-header-meta":"","adv-header-id-meta":"","stick-header-meta":"","header-above-stick-meta":"","header-main-stick-meta":"","header-below-stick-meta":"","astra-migrate-meta-layouts":"default","ast-page-background-enabled":"default","ast-page-background-meta":{"desktop":{"background-color":"var(--ast-global-color-4)","background-image":"","background-repeat":"repeat","background-position":"center center","background-size":"auto","background-attachment":"scroll","background-type":"","background-media":"","overlay-type":"","overlay-color":"","overlay-opacity":"","overlay-gradient":""},"tablet":{"background-color":"","background-image":"","background-repeat":"repeat","background-position":"center center","background-size":"auto","background-attachment":"scroll","background-type":"","background-media":"","overlay-type":"","overlay-color":"","overlay-opacity":"","overlay-gradient":""},"mobile":{"background-color":"","background-image":"","background-repeat":"repeat","background-position":"center center","background-size":"auto","background-attachment":"scroll","background-type":"","background-media":"","overlay-type":"","overlay-color":"","overlay-opacity":"","overlay-gradient":""}},"ast-content-background-meta":{"desktop":{"background-color":"var(--ast-global-color-5)","background-image":"","background-repeat":"repeat","background-position":"center center","background-size":"auto","background-attachment":"scroll","background-type":"","background-media":"","overlay-type":"","overlay-color":"","overlay-opacity":"","overlay-gradient":""},"tablet":{"background-color":"var(--ast-global-color-5)","background-image":"","background-repeat":"repeat","background-position":"center center","background-size":"auto","background-attachment":"scroll","background-type":"","background-media":"","overlay-type":"","overlay-color":"","overlay-opacity":"","overlay-gradient":""},"mobile":{"background-color":"var(--ast-global-color-5)","background-image":"","background-repeat":"repeat","background-position":"center center","background-size":"auto","background-attachment":"scroll","background-type":"","background-media":"","overlay-type":"","overlay-color":"","overlay-opacity":"","overlay-gradient":""}},"footnotes":""},"categories":[7],"tags":[],"class_list":["post-5354","post","type-post","status-publish","format-standard","has-post-thumbnail","hentry","category-au-fil-des-jours"],"featured_image_src":"http:\/\/www.lachartreuse.org\/web\/wp-content\/uploads\/2020\/02\/matexi2-chartreuse-1.jpg","author_info":{"display_name":"Pierre Michaux","author_link":"http:\/\/www.lachartreuse.org\/web\/author\/pmichaux\/"},"uagb_featured_image_src":{"full":["http:\/\/www.lachartreuse.org\/web\/wp-content\/uploads\/2020\/02\/matexi2-chartreuse-1.jpg",1348,759,false],"thumbnail":["http:\/\/www.lachartreuse.org\/web\/wp-content\/uploads\/2020\/02\/matexi2-chartreuse-1-150x150.jpg",150,150,true],"medium":["http:\/\/www.lachartreuse.org\/web\/wp-content\/uploads\/2020\/02\/matexi2-chartreuse-1-300x169.jpg",300,169,true],"medium_large":["http:\/\/www.lachartreuse.org\/web\/wp-content\/uploads\/2020\/02\/matexi2-chartreuse-1-768x432.jpg",768,432,true],"large":["http:\/\/www.lachartreuse.org\/web\/wp-content\/uploads\/2020\/02\/matexi2-chartreuse-1-1024x577.jpg",1024,577,true],"1536x1536":["http:\/\/www.lachartreuse.org\/web\/wp-content\/uploads\/2020\/02\/matexi2-chartreuse-1.jpg",1348,759,false],"2048x2048":["http:\/\/www.lachartreuse.org\/web\/wp-content\/uploads\/2020\/02\/matexi2-chartreuse-1.jpg",1348,759,false]},"uagb_author_info":{"display_name":"Pierre Michaux","author_link":"http:\/\/www.lachartreuse.org\/web\/author\/pmichaux\/"},"uagb_comment_info":0,"uagb_excerpt":"La soci\u00e9t\u00e9 Matexi a d\u00e9pos\u00e9 une nouvelle demande de permis de b\u00e2tir pour ses terrains situ\u00e9s thier de La Chartreuse. L\u2019ASBL \u00ab&nbsp;La Chartreuse&nbsp;\u00bb a envoy\u00e9 \u00e0 la ville de Li\u00e8ge un courrier reprenant ses observations quant au projet. Vous trouverez le texte ci-apr\u00e8s. Monsieur le Bourgmestre,Mesdames les Echevines,Messieurs les Echevins, Vous trouverez ci-apr\u00e8s nos observations\u2026","_links":{"self":[{"href":"http:\/\/www.lachartreuse.org\/web\/wp-json\/wp\/v2\/posts\/5354","targetHints":{"allow":["GET"]}}],"collection":[{"href":"http:\/\/www.lachartreuse.org\/web\/wp-json\/wp\/v2\/posts"}],"about":[{"href":"http:\/\/www.lachartreuse.org\/web\/wp-json\/wp\/v2\/types\/post"}],"author":[{"embeddable":true,"href":"http:\/\/www.lachartreuse.org\/web\/wp-json\/wp\/v2\/users\/6"}],"replies":[{"embeddable":true,"href":"http:\/\/www.lachartreuse.org\/web\/wp-json\/wp\/v2\/comments?post=5354"}],"version-history":[{"count":1,"href":"http:\/\/www.lachartreuse.org\/web\/wp-json\/wp\/v2\/posts\/5354\/revisions"}],"predecessor-version":[{"id":29136,"href":"http:\/\/www.lachartreuse.org\/web\/wp-json\/wp\/v2\/posts\/5354\/revisions\/29136"}],"wp:featuredmedia":[{"embeddable":true,"href":"http:\/\/www.lachartreuse.org\/web\/wp-json\/wp\/v2\/media\/5359"}],"wp:attachment":[{"href":"http:\/\/www.lachartreuse.org\/web\/wp-json\/wp\/v2\/media?parent=5354"}],"wp:term":[{"taxonomy":"category","embeddable":true,"href":"http:\/\/www.lachartreuse.org\/web\/wp-json\/wp\/v2\/categories?post=5354"},{"taxonomy":"post_tag","embeddable":true,"href":"http:\/\/www.lachartreuse.org\/web\/wp-json\/wp\/v2\/tags?post=5354"}],"curies":[{"name":"wp","href":"https:\/\/api.w.org\/{rel}","templated":true}]}}