{"id":5139,"date":"2019-06-09T08:00:39","date_gmt":"2019-06-09T06:00:39","guid":{"rendered":"http:\/\/www.lachartreuse.org\/web\/?p=5139"},"modified":"2023-08-04T19:26:43","modified_gmt":"2023-08-04T17:26:43","slug":"projet-de-modification-du-plan-de-secteur-du-parc-de-la-chartreuse","status":"publish","type":"post","link":"http:\/\/www.lachartreuse.org\/web\/projet-de-modification-du-plan-de-secteur-du-parc-de-la-chartreuse\/","title":{"rendered":"Projet de modification du plan de secteur du parc de la Chartreuse"},"content":{"rendered":"\n<figure class=\"wp-block-image aligncenter is-resized\"><a href=\"http:\/\/www.lachartreuse.org\/web\/wp-content\/uploads\/2019\/06\/psecteur-chartreuse-1-1.jpg\"><img loading=\"lazy\" decoding=\"async\" src=\"http:\/\/www.lachartreuse.org\/web\/wp-content\/uploads\/2019\/06\/psecteur-chartreuse-1-1.jpg\" alt=\"\" class=\"wp-image-5197\" width=\"572\" height=\"380\" srcset=\"http:\/\/www.lachartreuse.org\/web\/wp-content\/uploads\/2019\/06\/psecteur-chartreuse-1-1.jpg 1144w, http:\/\/www.lachartreuse.org\/web\/wp-content\/uploads\/2019\/06\/psecteur-chartreuse-1-1-300x199.jpg 300w, http:\/\/www.lachartreuse.org\/web\/wp-content\/uploads\/2019\/06\/psecteur-chartreuse-1-1-1024x680.jpg 1024w, http:\/\/www.lachartreuse.org\/web\/wp-content\/uploads\/2019\/06\/psecteur-chartreuse-1-1-768x510.jpg 768w\" sizes=\"auto, (max-width: 572px) 100vw, 572px\" \/><\/a><figcaption class=\"wp-element-caption\">Les deux zones class\u00e9es en habitat mais faisant partie du Parc de la Chartreuse<\/figcaption><\/figure>\n\n\n\n<p class=\"has-light-green-cyan-background-color has-background\"><em>Ce projet est enregistr\u00e9 sous le num\u00e9ro <\/em><strong><em>1176<\/em><\/strong><em> (mais aussi nous le num\u00e9ro <\/em><strong><em>1367<\/em><\/strong><em>, suite \u00e0 un double encodage) sur le site <\/em><strong><em>Li\u00e8ge 2025<\/em><\/strong><em>. Vous pouvez voter pour ce projet en consultant la page <\/em><a rel=\"noreferrer noopener\" aria-label=\"Cr\u00e9er un groupe de travail &quot;Chartreuse&quot; (s\u2019ouvre dans un nouvel onglet)\" href=\"https:\/\/www.liege2025.be\/projets\/modification-du-plan-de-secteur-du-parc-de-la-chartreuse\" target=\"_blank\"><strong><em>Modification du plan de secteur du parc de la Chartreuse<\/em><\/strong><\/a><em>. Attention: il faut \u00eatre <\/em><strong><a rel=\"noreferrer noopener\" href=\"https:\/\/www.liege2025.be\/@@register\" target=\"_blank\"><em>inscrit<\/em><\/a><\/strong><em> sur le site Li\u00e8ge 2025 pour pouvoir voter.<\/em><\/p>\n\n\n\n<h4 class=\"wp-block-heading\">Le parc de la Chartreuse<\/h4>\n\n\n\n<p>Situ\u00e9 en rive droite de la Meuse, entre l&rsquo;ancien fort militaire, les \nquartiers de Bressoux, Amercoeur et Grivegn\u00e9e, cet espace bois\u00e9 de 20 \nhectares est le plus grand parc de Li\u00e8ge apr\u00e8s la r\u00e9serve naturelle du \nSart-Tilman.<\/p>\n\n\n\n<p>Propri\u00e9taire du parc des Oblats depuis 1993, la Ville racheta une \ngrande partie des zones vertes en 1998. L&rsquo;ensemble fut r\u00e9am\u00e9nag\u00e9 par la \nr\u00e9alisation de trois sentiers de promenade dont un accessible aux \npersonnes \u00e0 mobilit\u00e9 r\u00e9duite; l&rsquo;ancienne dalle b\u00e9tonn\u00e9e accueille \nd\u00e9sormais un terrain de basket, des tables de ping-pong, de pique-nique \net des jeux pour enfants. Inaugur\u00e9 en 2015, il remporte depuis un franc \nsucc\u00e8s et est fr\u00e9quent\u00e9 par un nombreux public familial.<\/p>\n\n\n\n<p>Le parc est repris au plan de secteur en zones d&rsquo;espaces verts et de \nparc dans sa partie sud, or cette derni\u00e8re comprend deux espaces en zone\n d&rsquo;habitation&nbsp; dans les parcelles cadastr\u00e9es C 549c et C 1404a\/32.<\/p>\n\n\n\n<p>Nous proposons \u00e0 la Ville d&rsquo;introduire la proc\u00e9dure de modification \ndu plan de secteur afin d&rsquo;inclure l&rsquo;int\u00e9gralit\u00e9 de ces deux parcelles \ndans la zone de parc alors qu&rsquo;elles sont en zone d&rsquo;habitat, qu&rsquo;elles \nsoient ou non propri\u00e9t\u00e9 de la Ville.<\/p>\n\n\n\n<hr class=\"wp-block-separator has-css-opacity\"\/>\n\n\n\n<p><strong><em>Christian Pisart<\/em><\/strong><\/p>\n<div class=\"pdfprnt-buttons pdfprnt-buttons-post pdfprnt-bottom-right\"><a href=\"http:\/\/www.lachartreuse.org\/web\/wp-json\/wp\/v2\/posts\/5139?print=pdf\" class=\"pdfprnt-button pdfprnt-button-pdf\" target=\"_blank\" ><img decoding=\"async\" src=\"http:\/\/www.lachartreuse.org\/web\/wp-content\/plugins\/pdf-print\/images\/pdf.png\" alt=\"image_pdf\" title=\"T\u00e9l\u00e9charger le PDF\" \/><\/a><a href=\"http:\/\/www.lachartreuse.org\/web\/wp-json\/wp\/v2\/posts\/5139?print=print\" class=\"pdfprnt-button pdfprnt-button-print\" target=\"_blank\" ><img decoding=\"async\" src=\"http:\/\/www.lachartreuse.org\/web\/wp-content\/plugins\/pdf-print\/images\/print.png\" alt=\"image_print\" title=\"Contenu imprim\u00e9\" \/><\/a><\/div>","protected":false},"excerpt":{"rendered":"<p>Ce projet est enregistr\u00e9 sous le num\u00e9ro 1176 (mais aussi nous le num\u00e9ro 1367, suite \u00e0 un double encodage) sur le site Li\u00e8ge 2025. Vous pouvez voter pour ce projet en consultant la page Modification du plan de secteur du parc de la Chartreuse. Attention: il faut \u00eatre inscrit sur le site Li\u00e8ge 2025 pour [&hellip;]<\/p>\n","protected":false},"author":6,"featured_media":5197,"comment_status":"closed","ping_status":"open","sticky":false,"template":"","format":"standard","meta":{"_eb_attr":"","_uag_custom_page_level_css":"","site-sidebar-layout":"default","site-content-layout":"","ast-site-content-layout":"default","site-content-style":"default","site-sidebar-style":"default","ast-global-header-display":"","ast-banner-title-visibility":"","ast-main-header-display":"","ast-hfb-above-header-display":"","ast-hfb-below-header-display":"","ast-hfb-mobile-header-display":"","site-post-title":"","ast-breadcrumbs-content":"","ast-featured-img":"","footer-sml-layout":"","ast-disable-related-posts":"","theme-transparent-header-meta":"","adv-header-id-meta":"","stick-header-meta":"","header-above-stick-meta":"","header-main-stick-meta":"","header-below-stick-meta":"","astra-migrate-meta-layouts":"default","ast-page-background-enabled":"default","ast-page-background-meta":{"desktop":{"background-color":"var(--ast-global-color-4)","background-image":"","background-repeat":"repeat","background-position":"center center","background-size":"auto","background-attachment":"scroll","background-type":"","background-media":"","overlay-type":"","overlay-color":"","overlay-opacity":"","overlay-gradient":""},"tablet":{"background-color":"","background-image":"","background-repeat":"repeat","background-position":"center center","background-size":"auto","background-attachment":"scroll","background-type":"","background-media":"","overlay-type":"","overlay-color":"","overlay-opacity":"","overlay-gradient":""},"mobile":{"background-color":"","background-image":"","background-repeat":"repeat","background-position":"center center","background-size":"auto","background-attachment":"scroll","background-type":"","background-media":"","overlay-type":"","overlay-color":"","overlay-opacity":"","overlay-gradient":""}},"ast-content-background-meta":{"desktop":{"background-color":"var(--ast-global-color-5)","background-image":"","background-repeat":"repeat","background-position":"center center","background-size":"auto","background-attachment":"scroll","background-type":"","background-media":"","overlay-type":"","overlay-color":"","overlay-opacity":"","overlay-gradient":""},"tablet":{"background-color":"var(--ast-global-color-5)","background-image":"","background-repeat":"repeat","background-position":"center center","background-size":"auto","background-attachment":"scroll","background-type":"","background-media":"","overlay-type":"","overlay-color":"","overlay-opacity":"","overlay-gradient":""},"mobile":{"background-color":"var(--ast-global-color-5)","background-image":"","background-repeat":"repeat","background-position":"center center","background-size":"auto","background-attachment":"scroll","background-type":"","background-media":"","overlay-type":"","overlay-color":"","overlay-opacity":"","overlay-gradient":""}},"footnotes":""},"categories":[7],"tags":[],"class_list":["post-5139","post","type-post","status-publish","format-standard","has-post-thumbnail","hentry","category-au-fil-des-jours"],"featured_image_src":"http:\/\/www.lachartreuse.org\/web\/wp-content\/uploads\/2019\/06\/psecteur-chartreuse-1-1.jpg","author_info":{"display_name":"Pierre Michaux","author_link":"http:\/\/www.lachartreuse.org\/web\/author\/pmichaux\/"},"uagb_featured_image_src":{"full":["http:\/\/www.lachartreuse.org\/web\/wp-content\/uploads\/2019\/06\/psecteur-chartreuse-1-1.jpg",1144,760,false],"thumbnail":["http:\/\/www.lachartreuse.org\/web\/wp-content\/uploads\/2019\/06\/psecteur-chartreuse-1-1-150x150.jpg",150,150,true],"medium":["http:\/\/www.lachartreuse.org\/web\/wp-content\/uploads\/2019\/06\/psecteur-chartreuse-1-1-300x199.jpg",300,199,true],"medium_large":["http:\/\/www.lachartreuse.org\/web\/wp-content\/uploads\/2019\/06\/psecteur-chartreuse-1-1-768x510.jpg",768,510,true],"large":["http:\/\/www.lachartreuse.org\/web\/wp-content\/uploads\/2019\/06\/psecteur-chartreuse-1-1-1024x680.jpg",1024,680,true],"1536x1536":["http:\/\/www.lachartreuse.org\/web\/wp-content\/uploads\/2019\/06\/psecteur-chartreuse-1-1.jpg",1144,760,false],"2048x2048":["http:\/\/www.lachartreuse.org\/web\/wp-content\/uploads\/2019\/06\/psecteur-chartreuse-1-1.jpg",1144,760,false]},"uagb_author_info":{"display_name":"Pierre Michaux","author_link":"http:\/\/www.lachartreuse.org\/web\/author\/pmichaux\/"},"uagb_comment_info":0,"uagb_excerpt":"Ce projet est enregistr\u00e9 sous le num\u00e9ro 1176 (mais aussi nous le num\u00e9ro 1367, suite \u00e0 un double encodage) sur le site Li\u00e8ge 2025. Vous pouvez voter pour ce projet en consultant la page Modification du plan de secteur du parc de la Chartreuse. Attention: il faut \u00eatre inscrit sur le site Li\u00e8ge 2025 pour\u2026","_links":{"self":[{"href":"http:\/\/www.lachartreuse.org\/web\/wp-json\/wp\/v2\/posts\/5139","targetHints":{"allow":["GET"]}}],"collection":[{"href":"http:\/\/www.lachartreuse.org\/web\/wp-json\/wp\/v2\/posts"}],"about":[{"href":"http:\/\/www.lachartreuse.org\/web\/wp-json\/wp\/v2\/types\/post"}],"author":[{"embeddable":true,"href":"http:\/\/www.lachartreuse.org\/web\/wp-json\/wp\/v2\/users\/6"}],"replies":[{"embeddable":true,"href":"http:\/\/www.lachartreuse.org\/web\/wp-json\/wp\/v2\/comments?post=5139"}],"version-history":[{"count":1,"href":"http:\/\/www.lachartreuse.org\/web\/wp-json\/wp\/v2\/posts\/5139\/revisions"}],"predecessor-version":[{"id":29144,"href":"http:\/\/www.lachartreuse.org\/web\/wp-json\/wp\/v2\/posts\/5139\/revisions\/29144"}],"wp:featuredmedia":[{"embeddable":true,"href":"http:\/\/www.lachartreuse.org\/web\/wp-json\/wp\/v2\/media\/5197"}],"wp:attachment":[{"href":"http:\/\/www.lachartreuse.org\/web\/wp-json\/wp\/v2\/media?parent=5139"}],"wp:term":[{"taxonomy":"category","embeddable":true,"href":"http:\/\/www.lachartreuse.org\/web\/wp-json\/wp\/v2\/categories?post=5139"},{"taxonomy":"post_tag","embeddable":true,"href":"http:\/\/www.lachartreuse.org\/web\/wp-json\/wp\/v2\/tags?post=5139"}],"curies":[{"name":"wp","href":"https:\/\/api.w.org\/{rel}","templated":true}]}}