{"id":5048,"date":"2019-03-30T18:59:42","date_gmt":"2019-03-30T17:59:42","guid":{"rendered":"http:\/\/www.lachartreuse.org\/web\/?p=5048"},"modified":"2023-08-04T19:32:59","modified_gmt":"2023-08-04T17:32:59","slug":"dix-ans","status":"publish","type":"post","link":"http:\/\/www.lachartreuse.org\/web\/dix-ans\/","title":{"rendered":"Dix ans !"},"content":{"rendered":"\n<p>En janvier 2009, le service des travaux publics de la Ville de Li\u00e8ge a fait d\u00e9molir une partie du mur du thier de la Chartreuse en amont de l\u2019arv\u00f4 pour des raisons de s\u00e9curit\u00e9. Des pierres s\u2019\u00e9taient d\u00e9tach\u00e9es durant l\u2019\u00e9t\u00e9 2008 et d\u2019autres mena\u00e7aient de s\u2019\u00e9crouler. Le mur d\u00e9grad\u00e9 a disparu et avec lui notre chemin d\u2019acc\u00e8s. Le c\u00e2ble d\u2019alimentation de notre installation \u00e9lectrique a \u00e9t\u00e9 arrach\u00e9. La Ville nous a indemnis\u00e9s en 2017 et nous avons achet\u00e9 le mat\u00e9riel n\u00e9cessaire \u00e0 la remise en \u00e9tat de notre coffret \u00e9lectrique mais pour le placer (il fonctionne provisoirement), nous attendons que la Ville r\u00e9pare le mur de sout\u00e8nement.<\/p>\n\n\n\n<p>Ces deux photos de l\u2019arv\u00f4 avant 2009 et dans son \u00e9tat actuel montrent l\u2019\u00e9tendue des d\u00e9g\u00e2ts. La porte c\u00f4t\u00e9 ville n\u2019est accessible qu\u2019en passant sur le terrain voisin (appartenant au Groupe Horizon) mais tr\u00e8s difficilement, aussi, c\u2019est par la porte c\u00f4t\u00e9 Chartreuse que nous accueillons les jours de beau temps les visiteurs ou les promeneurs du parc d\u00e9sirant des informations ou un rafra\u00eechissement.<\/p>\n\n\n\n<figure class=\"wp-block-image aligncenter size-full wp-image-5060\"><img loading=\"lazy\" decoding=\"async\" width=\"779\" height=\"583\" src=\"http:\/\/www.lachartreuse.org\/web\/wp-content\/uploads\/2019\/03\/arvo-2009-1.jpg\" alt=\"\" class=\"wp-image-5060\" srcset=\"http:\/\/www.lachartreuse.org\/web\/wp-content\/uploads\/2019\/03\/arvo-2009-1.jpg 779w, http:\/\/www.lachartreuse.org\/web\/wp-content\/uploads\/2019\/03\/arvo-2009-1-300x225.jpg 300w, http:\/\/www.lachartreuse.org\/web\/wp-content\/uploads\/2019\/03\/arvo-2009-1-768x575.jpg 768w\" sizes=\"auto, (max-width: 779px) 100vw, 779px\" \/><figcaption class=\"wp-element-caption\">L&rsquo;arv\u00f4 avant 2009.<\/figcaption><\/figure>\n\n\n\n<figure class=\"wp-block-image aligncenter\"><a href=\"http:\/\/www.lachartreuse.org\/web\/wp-content\/uploads\/2019\/03\/arvo-2019-1140x760-1.jpg\"><img loading=\"lazy\" decoding=\"async\" width=\"1140\" height=\"760\" src=\"http:\/\/www.lachartreuse.org\/web\/wp-content\/uploads\/2019\/03\/arvo-2019-1140x760-1.jpg\" alt=\"\" class=\"wp-image-5057\" srcset=\"http:\/\/www.lachartreuse.org\/web\/wp-content\/uploads\/2019\/03\/arvo-2019-1140x760-1.jpg 1140w, http:\/\/www.lachartreuse.org\/web\/wp-content\/uploads\/2019\/03\/arvo-2019-1140x760-1-300x200.jpg 300w, http:\/\/www.lachartreuse.org\/web\/wp-content\/uploads\/2019\/03\/arvo-2019-1140x760-1-1024x683.jpg 1024w, http:\/\/www.lachartreuse.org\/web\/wp-content\/uploads\/2019\/03\/arvo-2019-1140x760-1-768x512.jpg 768w\" sizes=\"auto, (max-width: 1140px) 100vw, 1140px\" \/><\/a><figcaption class=\"wp-element-caption\">L&rsquo;arv\u00f4 apr\u00e8s 2009 \u2014 Photo prise en d\u00e9cembre 2018 (A. Rombauts)<\/figcaption><\/figure>\n\n\n\n<p>Le service des travaux publics avait con\u00e7u en 2015 le projet d\u2019un escalier reliant le thier \u00e0 la rue Justin Lenders et traversant notre sentier d\u2019acc\u00e8s, ce qui impliquait que notre association en vende \u00e0 la Ville une grande partie. Lors de l\u2019assembl\u00e9e g\u00e9n\u00e9rale du 28 avril 2018, les membres ont exprim\u00e9 leur avis sur cet escalier et refus\u00e9 de vendre. Nous en avons inform\u00e9 l\u2019\u00e9chevinat et le service des travaux publics par courriers et lors d\u2019une r\u00e9union qui s\u2019est tenue le 29 janvier dernier. Nous attendons confirmation de la reconstruction du mur dans son \u00e9tat ant\u00e9rieur (ce qui d\u2019ailleurs co\u00fbtera nettement moins cher \u00e0 la Ville).<\/p>\n\n\n\n<p>Nous craignons une longue attente de nouveau et la d\u00e9gradation de l\u2019environnement de ce b\u00e2timent class\u00e9 en juin 1981 et dont l\u2019administration du Patrimoine en ao\u00fbt 1980 soulignait l\u2019int\u00e9r\u00eat en ces termes : \u00ab Avec les vieux murs de sout\u00e8nement qui l\u2019encadrent de chaque c\u00f4t\u00e9 de la chauss\u00e9e, il constitue un ensemble historique qui m\u00e9rite d\u2019\u00eatre prot\u00e9g\u00e9 \u00bb.<\/p>\n\n\n\n<p>C\u2019est gr\u00e2ce \u00e0 une association (ASBL Parc des Oblats) qui l\u2019a acquis en 1990 pour pouvoir le restaurer (restauration enti\u00e8rement subsidi\u00e9e) que le b\u00e2timent a retrouv\u00e9 sa belle allure de pont couvert et fortifi\u00e9. Cette association nous l\u2019a c\u00e9d\u00e9 en 2010 lors de sa dissolution et nous tenons \u00e0 ce qu\u2019il survive \u00ab encadr\u00e9 de ses vieux murs \u00bb, servant de passage lorsque nous l\u2019ouvrons le week-end au retour des beaux jours.<\/p>\n\n\n\n<p>Face \u00e0 l\u2019inertie de la Ville, nous devons agir. Mais il appara\u00eet qu\u2019il faut plus que des lettres et des r\u00e9unions. La question est \u00e0 l\u2019ordre du jour de <strong><a href=\"http:\/\/www.lachartreuse.org\/web\/assemblee-generale-2019\/\">notre prochaine assembl\u00e9e g\u00e9n\u00e9rale du 6 avril prochain<\/a><\/strong>.<\/p>\n\n\n\n<hr class=\"wp-block-separator has-alpha-channel-opacity\"\/>\n\n\n\n<p><em>Des questions, des suggestions, votre avis:<br>Ecrire \u00e0 <a href=\"mailto:monique.snyers@lachartreuse.org\">monique.snyers@lachartreuse.org<\/a><\/em><\/p>\n\n\n\n<hr class=\"wp-block-separator has-alpha-channel-opacity\"\/>\n\n\n\n<p>Monique Snyers<\/p>\n<div class=\"pdfprnt-buttons pdfprnt-buttons-post pdfprnt-bottom-right\"><a href=\"http:\/\/www.lachartreuse.org\/web\/wp-json\/wp\/v2\/posts\/5048?print=pdf\" class=\"pdfprnt-button pdfprnt-button-pdf\" target=\"_blank\" ><img decoding=\"async\" src=\"http:\/\/www.lachartreuse.org\/web\/wp-content\/plugins\/pdf-print\/images\/pdf.png\" alt=\"image_pdf\" title=\"T\u00e9l\u00e9charger le PDF\" \/><\/a><a href=\"http:\/\/www.lachartreuse.org\/web\/wp-json\/wp\/v2\/posts\/5048?print=print\" class=\"pdfprnt-button pdfprnt-button-print\" target=\"_blank\" ><img decoding=\"async\" src=\"http:\/\/www.lachartreuse.org\/web\/wp-content\/plugins\/pdf-print\/images\/print.png\" alt=\"image_print\" title=\"Contenu imprim\u00e9\" \/><\/a><\/div>","protected":false},"excerpt":{"rendered":"<p>En janvier 2009, le service des travaux publics de la Ville de Li\u00e8ge a fait d\u00e9molir une partie du mur du thier de la Chartreuse en amont de l\u2019arv\u00f4 pour des raisons de s\u00e9curit\u00e9. Des pierres s\u2019\u00e9taient d\u00e9tach\u00e9es durant l\u2019\u00e9t\u00e9 2008 et d\u2019autres mena\u00e7aient de s\u2019\u00e9crouler. Le mur d\u00e9grad\u00e9 a disparu et avec lui notre [&hellip;]<\/p>\n","protected":false},"author":6,"featured_media":5057,"comment_status":"closed","ping_status":"open","sticky":false,"template":"","format":"standard","meta":{"_eb_attr":"","_uag_custom_page_level_css":"","site-sidebar-layout":"default","site-content-layout":"","ast-site-content-layout":"default","site-content-style":"default","site-sidebar-style":"default","ast-global-header-display":"","ast-banner-title-visibility":"","ast-main-header-display":"","ast-hfb-above-header-display":"","ast-hfb-below-header-display":"","ast-hfb-mobile-header-display":"","site-post-title":"","ast-breadcrumbs-content":"","ast-featured-img":"","footer-sml-layout":"","ast-disable-related-posts":"","theme-transparent-header-meta":"","adv-header-id-meta":"","stick-header-meta":"","header-above-stick-meta":"","header-main-stick-meta":"","header-below-stick-meta":"","astra-migrate-meta-layouts":"default","ast-page-background-enabled":"default","ast-page-background-meta":{"desktop":{"background-color":"var(--ast-global-color-4)","background-image":"","background-repeat":"repeat","background-position":"center center","background-size":"auto","background-attachment":"scroll","background-type":"","background-media":"","overlay-type":"","overlay-color":"","overlay-opacity":"","overlay-gradient":""},"tablet":{"background-color":"","background-image":"","background-repeat":"repeat","background-position":"center center","background-size":"auto","background-attachment":"scroll","background-type":"","background-media":"","overlay-type":"","overlay-color":"","overlay-opacity":"","overlay-gradient":""},"mobile":{"background-color":"","background-image":"","background-repeat":"repeat","background-position":"center center","background-size":"auto","background-attachment":"scroll","background-type":"","background-media":"","overlay-type":"","overlay-color":"","overlay-opacity":"","overlay-gradient":""}},"ast-content-background-meta":{"desktop":{"background-color":"var(--ast-global-color-5)","background-image":"","background-repeat":"repeat","background-position":"center center","background-size":"auto","background-attachment":"scroll","background-type":"","background-media":"","overlay-type":"","overlay-color":"","overlay-opacity":"","overlay-gradient":""},"tablet":{"background-color":"var(--ast-global-color-5)","background-image":"","background-repeat":"repeat","background-position":"center center","background-size":"auto","background-attachment":"scroll","background-type":"","background-media":"","overlay-type":"","overlay-color":"","overlay-opacity":"","overlay-gradient":""},"mobile":{"background-color":"var(--ast-global-color-5)","background-image":"","background-repeat":"repeat","background-position":"center center","background-size":"auto","background-attachment":"scroll","background-type":"","background-media":"","overlay-type":"","overlay-color":"","overlay-opacity":"","overlay-gradient":""}},"footnotes":""},"categories":[7],"tags":[],"class_list":["post-5048","post","type-post","status-publish","format-standard","has-post-thumbnail","hentry","category-au-fil-des-jours"],"featured_image_src":"http:\/\/www.lachartreuse.org\/web\/wp-content\/uploads\/2019\/03\/arvo-2019-1140x760-1.jpg","author_info":{"display_name":"Pierre Michaux","author_link":"http:\/\/www.lachartreuse.org\/web\/author\/pmichaux\/"},"uagb_featured_image_src":{"full":["http:\/\/www.lachartreuse.org\/web\/wp-content\/uploads\/2019\/03\/arvo-2019-1140x760-1.jpg",1140,760,false],"thumbnail":["http:\/\/www.lachartreuse.org\/web\/wp-content\/uploads\/2019\/03\/arvo-2019-1140x760-1-150x150.jpg",150,150,true],"medium":["http:\/\/www.lachartreuse.org\/web\/wp-content\/uploads\/2019\/03\/arvo-2019-1140x760-1-300x200.jpg",300,200,true],"medium_large":["http:\/\/www.lachartreuse.org\/web\/wp-content\/uploads\/2019\/03\/arvo-2019-1140x760-1-768x512.jpg",768,512,true],"large":["http:\/\/www.lachartreuse.org\/web\/wp-content\/uploads\/2019\/03\/arvo-2019-1140x760-1-1024x683.jpg",1024,683,true],"1536x1536":["http:\/\/www.lachartreuse.org\/web\/wp-content\/uploads\/2019\/03\/arvo-2019-1140x760-1.jpg",1140,760,false],"2048x2048":["http:\/\/www.lachartreuse.org\/web\/wp-content\/uploads\/2019\/03\/arvo-2019-1140x760-1.jpg",1140,760,false]},"uagb_author_info":{"display_name":"Pierre Michaux","author_link":"http:\/\/www.lachartreuse.org\/web\/author\/pmichaux\/"},"uagb_comment_info":0,"uagb_excerpt":"En janvier 2009, le service des travaux publics de la Ville de Li\u00e8ge a fait d\u00e9molir une partie du mur du thier de la Chartreuse en amont de l\u2019arv\u00f4 pour des raisons de s\u00e9curit\u00e9. Des pierres s\u2019\u00e9taient d\u00e9tach\u00e9es durant l\u2019\u00e9t\u00e9 2008 et d\u2019autres mena\u00e7aient de s\u2019\u00e9crouler. Le mur d\u00e9grad\u00e9 a disparu et avec lui notre\u2026","_links":{"self":[{"href":"http:\/\/www.lachartreuse.org\/web\/wp-json\/wp\/v2\/posts\/5048","targetHints":{"allow":["GET"]}}],"collection":[{"href":"http:\/\/www.lachartreuse.org\/web\/wp-json\/wp\/v2\/posts"}],"about":[{"href":"http:\/\/www.lachartreuse.org\/web\/wp-json\/wp\/v2\/types\/post"}],"author":[{"embeddable":true,"href":"http:\/\/www.lachartreuse.org\/web\/wp-json\/wp\/v2\/users\/6"}],"replies":[{"embeddable":true,"href":"http:\/\/www.lachartreuse.org\/web\/wp-json\/wp\/v2\/comments?post=5048"}],"version-history":[{"count":1,"href":"http:\/\/www.lachartreuse.org\/web\/wp-json\/wp\/v2\/posts\/5048\/revisions"}],"predecessor-version":[{"id":29147,"href":"http:\/\/www.lachartreuse.org\/web\/wp-json\/wp\/v2\/posts\/5048\/revisions\/29147"}],"wp:featuredmedia":[{"embeddable":true,"href":"http:\/\/www.lachartreuse.org\/web\/wp-json\/wp\/v2\/media\/5057"}],"wp:attachment":[{"href":"http:\/\/www.lachartreuse.org\/web\/wp-json\/wp\/v2\/media?parent=5048"}],"wp:term":[{"taxonomy":"category","embeddable":true,"href":"http:\/\/www.lachartreuse.org\/web\/wp-json\/wp\/v2\/categories?post=5048"},{"taxonomy":"post_tag","embeddable":true,"href":"http:\/\/www.lachartreuse.org\/web\/wp-json\/wp\/v2\/tags?post=5048"}],"curies":[{"name":"wp","href":"https:\/\/api.w.org\/{rel}","templated":true}]}}