{"id":4736,"date":"2018-12-02T05:46:39","date_gmt":"2018-12-02T04:46:39","guid":{"rendered":"http:\/\/www.lachartreuse.org\/web\/?p=4736"},"modified":"2023-08-04T19:37:36","modified_gmt":"2023-08-04T17:37:36","slug":"beau-succes-de-la-conference-a-la-decouverte-du-site-de-la-chartreuse","status":"publish","type":"post","link":"http:\/\/www.lachartreuse.org\/web\/beau-succes-de-la-conference-a-la-decouverte-du-site-de-la-chartreuse\/","title":{"rendered":"Beau succ\u00e8s de la conf\u00e9rence \u00ab\u00a0A la d\u00e9couverte du site de la Chartreuse\u00a0\u00bb"},"content":{"rendered":"\n<figure class=\"wp-block-image aligncenter\"><a href=\"http:\/\/www.lachartreuse.org\/web\/wp-content\/uploads\/2018\/12\/conference-181201-1.jpg\"><img loading=\"lazy\" decoding=\"async\" width=\"2048\" height=\"1365\" src=\"http:\/\/www.lachartreuse.org\/web\/wp-content\/uploads\/2018\/12\/conference-181201-1.jpg\" alt=\"\" class=\"wp-image-4741\" srcset=\"http:\/\/www.lachartreuse.org\/web\/wp-content\/uploads\/2018\/12\/conference-181201-1.jpg 2048w, http:\/\/www.lachartreuse.org\/web\/wp-content\/uploads\/2018\/12\/conference-181201-1-300x200.jpg 300w, http:\/\/www.lachartreuse.org\/web\/wp-content\/uploads\/2018\/12\/conference-181201-1-1024x683.jpg 1024w, http:\/\/www.lachartreuse.org\/web\/wp-content\/uploads\/2018\/12\/conference-181201-1-768x512.jpg 768w, http:\/\/www.lachartreuse.org\/web\/wp-content\/uploads\/2018\/12\/conference-181201-1-1536x1024.jpg 1536w\" sizes=\"auto, (max-width: 2048px) 100vw, 2048px\" \/><\/a><figcaption class=\"wp-element-caption\">Photo: A. Rombauts &#8211; Cliquez pour agrandir.<\/figcaption><\/figure>\n\n\n\n<p>C&rsquo;est devant une assembl\u00e9e d&rsquo;environ 70 personnes que Paul Demaret a pr\u00e9sent\u00e9 sa conf\u00e9rence <em>A la d\u00e9couverte du site de la Chartreuse: du Moyen \u00c2ge \u00e0 nos jours<\/em> ce samedi 1er d\u00e9cembre 2018.<\/p>\n\n\n\n<figure class=\"wp-block-image aligncenter\"><a href=\"http:\/\/www.lachartreuse.org\/web\/wp-content\/uploads\/2018\/12\/conference-181201-4.jpg\"><img loading=\"lazy\" decoding=\"async\" width=\"2048\" height=\"1365\" src=\"http:\/\/www.lachartreuse.org\/web\/wp-content\/uploads\/2018\/12\/conference-181201-4.jpg\" alt=\"\" class=\"wp-image-4742\" srcset=\"http:\/\/www.lachartreuse.org\/web\/wp-content\/uploads\/2018\/12\/conference-181201-4.jpg 2048w, http:\/\/www.lachartreuse.org\/web\/wp-content\/uploads\/2018\/12\/conference-181201-4-300x200.jpg 300w, http:\/\/www.lachartreuse.org\/web\/wp-content\/uploads\/2018\/12\/conference-181201-4-1024x683.jpg 1024w, http:\/\/www.lachartreuse.org\/web\/wp-content\/uploads\/2018\/12\/conference-181201-4-768x512.jpg 768w, http:\/\/www.lachartreuse.org\/web\/wp-content\/uploads\/2018\/12\/conference-181201-4-1536x1024.jpg 1536w\" sizes=\"auto, (max-width: 2048px) 100vw, 2048px\" \/><\/a><figcaption class=\"wp-element-caption\">Photo: A. Rombauts &#8211; Cliquez pour agrandir<\/figcaption><\/figure>\n\n\n\n<p>Pendant pr\u00e8s de 2 heures, avec le support d&rsquo;une cinquantaine d&rsquo;illustrations, Paul Demaret a captiv\u00e9 son audience. Si l&rsquo;essentiel du public se situait dans la tranche des 40-60, les \u00e9changes avec plusieurs participants ont montr\u00e9 que les \u00e9coles primaires des environs \u00e9taient vivement int\u00e9ress\u00e9es par la transmission du patrimoine m\u00e9moriel aux g\u00e9n\u00e9rations futures, ce qui ne peut que nous r\u00e9jouir.<\/p>\n\n\n\n<figure class=\"wp-block-image aligncenter\"><a href=\"http:\/\/www.lachartreuse.org\/web\/wp-content\/uploads\/2018\/12\/conference-181201-2.jpg\"><img loading=\"lazy\" decoding=\"async\" width=\"2048\" height=\"1365\" src=\"http:\/\/www.lachartreuse.org\/web\/wp-content\/uploads\/2018\/12\/conference-181201-2.jpg\" alt=\"\" class=\"wp-image-4743\" srcset=\"http:\/\/www.lachartreuse.org\/web\/wp-content\/uploads\/2018\/12\/conference-181201-2.jpg 2048w, http:\/\/www.lachartreuse.org\/web\/wp-content\/uploads\/2018\/12\/conference-181201-2-300x200.jpg 300w, http:\/\/www.lachartreuse.org\/web\/wp-content\/uploads\/2018\/12\/conference-181201-2-1024x683.jpg 1024w, http:\/\/www.lachartreuse.org\/web\/wp-content\/uploads\/2018\/12\/conference-181201-2-768x512.jpg 768w, http:\/\/www.lachartreuse.org\/web\/wp-content\/uploads\/2018\/12\/conference-181201-2-1536x1024.jpg 1536w\" sizes=\"auto, (max-width: 2048px) 100vw, 2048px\" \/><\/a><figcaption class=\"wp-element-caption\">Photo: A. Rombauts &#8211; Cliquez pour agrandir.<\/figcaption><\/figure>\n\n\n\n<p>Encore tous nos remerciements \u00e0 <em>Madame Nathalie Fermine<\/em>, directrice de l&rsquo;<a href=\"https:\/\/www.facebook.com\/pages\/category\/School\/\u00c9cole-communale-de-P\u00e9ville-157244415008010\/\" target=\"_blank\" rel=\"noopener\"><strong>Ecole Communale de P\u00e9ville<\/strong><\/a>, pour avoir mis le r\u00e9fectoire de l&rsquo;\u00e9cole \u00e0 la disposition de notre ASBL et \u00e0 la Ville de Li\u00e8ge pour son soutien logistique par l&rsquo;interm\u00e9diaire de <em>Monsieur Christophe Pire<\/em>, agent de d\u00e9veloppement local attach\u00e9 \u00e0 l&rsquo;<a href=\"https:\/\/www.liege.be\/fr\/annuaire\/administration-communale\/departement-des-services-sociaux-et-de-proximite\/equipe-de-quartier-de-jupille-wandre-chenee-grivegnee\" target=\"_blank\" rel=\"noopener\"><strong>\u00e9quipe de quartier Jupille-Wandre-Jupille-Grivegn\u00e9e<\/strong><\/a> du d\u00e9partement des Services Sociaux et de Proximit\u00e9.<\/p>\n\n\n\n<hr class=\"wp-block-separator has-alpha-channel-opacity\"\/>\n<div class=\"pdfprnt-buttons pdfprnt-buttons-post pdfprnt-bottom-right\"><a href=\"http:\/\/www.lachartreuse.org\/web\/wp-json\/wp\/v2\/posts\/4736?print=pdf\" class=\"pdfprnt-button pdfprnt-button-pdf\" target=\"_blank\" ><img decoding=\"async\" src=\"http:\/\/www.lachartreuse.org\/web\/wp-content\/plugins\/pdf-print\/images\/pdf.png\" alt=\"image_pdf\" title=\"T\u00e9l\u00e9charger le PDF\" \/><\/a><a href=\"http:\/\/www.lachartreuse.org\/web\/wp-json\/wp\/v2\/posts\/4736?print=print\" class=\"pdfprnt-button pdfprnt-button-print\" target=\"_blank\" ><img decoding=\"async\" src=\"http:\/\/www.lachartreuse.org\/web\/wp-content\/plugins\/pdf-print\/images\/print.png\" alt=\"image_print\" title=\"Contenu imprim\u00e9\" \/><\/a><\/div>","protected":false},"excerpt":{"rendered":"<p>C&rsquo;est devant une assembl\u00e9e d&rsquo;environ 70 personnes que Paul Demaret a pr\u00e9sent\u00e9 sa conf\u00e9rence A la d\u00e9couverte du site de la Chartreuse: du Moyen \u00c2ge \u00e0 nos jours ce samedi 1er d\u00e9cembre 2018. Pendant pr\u00e8s de 2 heures, avec le support d&rsquo;une cinquantaine d&rsquo;illustrations, Paul Demaret a captiv\u00e9 son audience. Si l&rsquo;essentiel du public se [&hellip;]<\/p>\n","protected":false},"author":6,"featured_media":4739,"comment_status":"closed","ping_status":"open","sticky":false,"template":"","format":"standard","meta":{"_eb_attr":"","_uag_custom_page_level_css":"","site-sidebar-layout":"default","site-content-layout":"","ast-site-content-layout":"default","site-content-style":"default","site-sidebar-style":"default","ast-global-header-display":"","ast-banner-title-visibility":"","ast-main-header-display":"","ast-hfb-above-header-display":"","ast-hfb-below-header-display":"","ast-hfb-mobile-header-display":"","site-post-title":"","ast-breadcrumbs-content":"","ast-featured-img":"","footer-sml-layout":"","ast-disable-related-posts":"","theme-transparent-header-meta":"","adv-header-id-meta":"","stick-header-meta":"","header-above-stick-meta":"","header-main-stick-meta":"","header-below-stick-meta":"","astra-migrate-meta-layouts":"default","ast-page-background-enabled":"default","ast-page-background-meta":{"desktop":{"background-color":"var(--ast-global-color-4)","background-image":"","background-repeat":"repeat","background-position":"center center","background-size":"auto","background-attachment":"scroll","background-type":"","background-media":"","overlay-type":"","overlay-color":"","overlay-opacity":"","overlay-gradient":""},"tablet":{"background-color":"","background-image":"","background-repeat":"repeat","background-position":"center center","background-size":"auto","background-attachment":"scroll","background-type":"","background-media":"","overlay-type":"","overlay-color":"","overlay-opacity":"","overlay-gradient":""},"mobile":{"background-color":"","background-image":"","background-repeat":"repeat","background-position":"center center","background-size":"auto","background-attachment":"scroll","background-type":"","background-media":"","overlay-type":"","overlay-color":"","overlay-opacity":"","overlay-gradient":""}},"ast-content-background-meta":{"desktop":{"background-color":"var(--ast-global-color-5)","background-image":"","background-repeat":"repeat","background-position":"center center","background-size":"auto","background-attachment":"scroll","background-type":"","background-media":"","overlay-type":"","overlay-color":"","overlay-opacity":"","overlay-gradient":""},"tablet":{"background-color":"var(--ast-global-color-5)","background-image":"","background-repeat":"repeat","background-position":"center center","background-size":"auto","background-attachment":"scroll","background-type":"","background-media":"","overlay-type":"","overlay-color":"","overlay-opacity":"","overlay-gradient":""},"mobile":{"background-color":"var(--ast-global-color-5)","background-image":"","background-repeat":"repeat","background-position":"center center","background-size":"auto","background-attachment":"scroll","background-type":"","background-media":"","overlay-type":"","overlay-color":"","overlay-opacity":"","overlay-gradient":""}},"footnotes":""},"categories":[7],"tags":[],"class_list":["post-4736","post","type-post","status-publish","format-standard","has-post-thumbnail","hentry","category-au-fil-des-jours"],"featured_image_src":"http:\/\/www.lachartreuse.org\/web\/wp-content\/uploads\/2018\/12\/conference-181201-1-1140x760-1.jpg","author_info":{"display_name":"Pierre Michaux","author_link":"http:\/\/www.lachartreuse.org\/web\/author\/pmichaux\/"},"uagb_featured_image_src":{"full":["http:\/\/www.lachartreuse.org\/web\/wp-content\/uploads\/2018\/12\/conference-181201-1-1140x760-1.jpg",1140,760,false],"thumbnail":["http:\/\/www.lachartreuse.org\/web\/wp-content\/uploads\/2018\/12\/conference-181201-1-1140x760-1-150x150.jpg",150,150,true],"medium":["http:\/\/www.lachartreuse.org\/web\/wp-content\/uploads\/2018\/12\/conference-181201-1-1140x760-1-300x200.jpg",300,200,true],"medium_large":["http:\/\/www.lachartreuse.org\/web\/wp-content\/uploads\/2018\/12\/conference-181201-1-1140x760-1-768x512.jpg",768,512,true],"large":["http:\/\/www.lachartreuse.org\/web\/wp-content\/uploads\/2018\/12\/conference-181201-1-1140x760-1-1024x683.jpg",1024,683,true],"1536x1536":["http:\/\/www.lachartreuse.org\/web\/wp-content\/uploads\/2018\/12\/conference-181201-1-1140x760-1.jpg",1140,760,false],"2048x2048":["http:\/\/www.lachartreuse.org\/web\/wp-content\/uploads\/2018\/12\/conference-181201-1-1140x760-1.jpg",1140,760,false]},"uagb_author_info":{"display_name":"Pierre Michaux","author_link":"http:\/\/www.lachartreuse.org\/web\/author\/pmichaux\/"},"uagb_comment_info":0,"uagb_excerpt":"C&rsquo;est devant une assembl\u00e9e d&rsquo;environ 70 personnes que Paul Demaret a pr\u00e9sent\u00e9 sa conf\u00e9rence A la d\u00e9couverte du site de la Chartreuse: du Moyen \u00c2ge \u00e0 nos jours ce samedi 1er d\u00e9cembre 2018. Pendant pr\u00e8s de 2 heures, avec le support d&rsquo;une cinquantaine d&rsquo;illustrations, Paul Demaret a captiv\u00e9 son audience. Si l&rsquo;essentiel du public se\u2026","_links":{"self":[{"href":"http:\/\/www.lachartreuse.org\/web\/wp-json\/wp\/v2\/posts\/4736","targetHints":{"allow":["GET"]}}],"collection":[{"href":"http:\/\/www.lachartreuse.org\/web\/wp-json\/wp\/v2\/posts"}],"about":[{"href":"http:\/\/www.lachartreuse.org\/web\/wp-json\/wp\/v2\/types\/post"}],"author":[{"embeddable":true,"href":"http:\/\/www.lachartreuse.org\/web\/wp-json\/wp\/v2\/users\/6"}],"replies":[{"embeddable":true,"href":"http:\/\/www.lachartreuse.org\/web\/wp-json\/wp\/v2\/comments?post=4736"}],"version-history":[{"count":1,"href":"http:\/\/www.lachartreuse.org\/web\/wp-json\/wp\/v2\/posts\/4736\/revisions"}],"predecessor-version":[{"id":29154,"href":"http:\/\/www.lachartreuse.org\/web\/wp-json\/wp\/v2\/posts\/4736\/revisions\/29154"}],"wp:featuredmedia":[{"embeddable":true,"href":"http:\/\/www.lachartreuse.org\/web\/wp-json\/wp\/v2\/media\/4739"}],"wp:attachment":[{"href":"http:\/\/www.lachartreuse.org\/web\/wp-json\/wp\/v2\/media?parent=4736"}],"wp:term":[{"taxonomy":"category","embeddable":true,"href":"http:\/\/www.lachartreuse.org\/web\/wp-json\/wp\/v2\/categories?post=4736"},{"taxonomy":"post_tag","embeddable":true,"href":"http:\/\/www.lachartreuse.org\/web\/wp-json\/wp\/v2\/tags?post=4736"}],"curies":[{"name":"wp","href":"https:\/\/api.w.org\/{rel}","templated":true}]}}