{"id":4355,"date":"2018-10-03T08:00:27","date_gmt":"2018-10-03T06:00:27","guid":{"rendered":"http:\/\/www.lachartreuse.org\/web\/?p=4355"},"modified":"2023-08-04T19:40:53","modified_gmt":"2023-08-04T17:40:53","slug":"la-petite-fille-et-les-soldats","status":"publish","type":"post","link":"http:\/\/www.lachartreuse.org\/web\/la-petite-fille-et-les-soldats\/","title":{"rendered":"La petite fille et les soldats"},"content":{"rendered":"\n<p>&nbsp;<br><a href=\"http:\/\/www.lachartreuse.org\/web\/wp-content\/uploads\/2018\/10\/la-petite-fille-et-les-soldats-web.pdf\"><strong>Lire l&rsquo;article en PDF<\/strong><\/a><\/p>\n\n\n\n<figure class=\"wp-block-image aligncenter\"><a href=\"https:\/\/nowfuture-editions.com\/produit\/memoires-de-guerre-dune-petite-fille-a-liege\" target=\"_blank\" rel=\"noopener\"><img loading=\"lazy\" decoding=\"async\" width=\"2048\" height=\"2048\" src=\"http:\/\/www.lachartreuse.org\/web\/wp-content\/uploads\/2018\/09\/memoires-de-guerre.jpg\" alt=\"\" class=\"wp-image-4359\" srcset=\"http:\/\/www.lachartreuse.org\/web\/wp-content\/uploads\/2018\/09\/memoires-de-guerre.jpg 2048w, http:\/\/www.lachartreuse.org\/web\/wp-content\/uploads\/2018\/09\/memoires-de-guerre-300x300.jpg 300w, http:\/\/www.lachartreuse.org\/web\/wp-content\/uploads\/2018\/09\/memoires-de-guerre-1024x1024.jpg 1024w, http:\/\/www.lachartreuse.org\/web\/wp-content\/uploads\/2018\/09\/memoires-de-guerre-150x150.jpg 150w, http:\/\/www.lachartreuse.org\/web\/wp-content\/uploads\/2018\/09\/memoires-de-guerre-768x768.jpg 768w, http:\/\/www.lachartreuse.org\/web\/wp-content\/uploads\/2018\/09\/memoires-de-guerre-1536x1536.jpg 1536w\" sizes=\"auto, (max-width: 2048px) 100vw, 2048px\" \/><\/a><\/figure>\n\n\n\n<p>Mai 1940. Lucie Gielen n\u2019a pas encore cinq ans quand l\u2019arm\u00e9e allemande s\u2019installe dans la caserne de la Chartreuse. Elle se souvient pourtant de ces ann\u00e9es dans <em>M\u00e9moires de guerre d\u2019une petite fille \u00e0 Li\u00e8ge et autres souvenirs<\/em> (1). Elle a accept\u00e9 que je partage ses souvenirs avec vous&#8230;<br>&nbsp;<br><\/p>\n\n\n\n<figure class=\"wp-block-table\"><table><tbody><tr><td><em>Donc, les Allemands sont l\u00e0. A la Chartreuse. On nous interdit d\u2019aller r\u00f4der dans ce coin-l\u00e0. Et si on y va malgr\u00e9 tout, on nous gifle sans explications.\u2029<br>Et pourtant\u2026 Ils chantent si bien. Ils jouent du clairon. Ils font l\u2019exercice dans les rues du quartier, parfois torse nu (\u2026).\u2029<br>L. M., page 20.<\/em><\/td><\/tr><\/tbody><\/table><\/figure>\n\n\n\n<figure class=\"wp-block-image aligncenter\"><a href=\"http:\/\/www.lachartreuse.org\/web\/wp-content\/uploads\/2018\/09\/soldats-allemands-devant-chartreuse-full.jpg\"><img decoding=\"async\" src=\"http:\/\/www.lachartreuse.org\/web\/wp-content\/uploads\/2018\/09\/soldats-allemands-devant-chartreuse-full.jpg\" alt=\"\" class=\"wp-image-4366\"\/><\/a><figcaption class=\"wp-element-caption\">Soldats allemands posant en face de la caserne de la Chartreuse (2).<br>Cliquez pour agrandir.<\/figcaption><\/figure>\n\n\n\n<p>Comme tous les enfants de son \u00e2ge, m\u00eame en temps de guerre, Lucie joue avec son traineau dans les prairies en face de la caserne&#8230;\u2029<\/p>\n\n\n\n<figure class=\"wp-block-table\"><table><tbody><tr><td><em>L\u2019hiver 1942-1943 a \u00e9t\u00e9 rude et la neige est tomb\u00e9e dru. Un dimanche matin, j\u2019ai quitt\u00e9 la maison tr\u00e8s t\u00f4t avec mon traineau pour \u00eatre s\u00fbre d\u2019avoir la piste pour moi toute seule (\u2026). Dans ma solitude ouat\u00e9e, j\u2019entends brusquement des clameurs venant de la caserne (\u2026). Ils sont cinq ou six , le visage compl\u00e8tement recouvert de bandelettes blanches. Et ils ont des souliers longs d\u2019un m\u00e8tre et si fins qu\u2019ils font gicler la neige autour d\u2019eux. (\u2026) Evidemment, ils s\u2019amusent \u00e0 rebondir sur la bosse et, sans h\u00e9siter, ils s\u2019engouffrent dans le thier de la Chartreuse o\u00f9 je les vois dispara\u00eetre sous l\u2019arv\u00f4 (\u2026).\u2029<br>J\u2019apprendrai bien plus tard (\u2026) que ce sont des skieurs qu\u2019on a renvoy\u00e9s du front russe parce qu\u2019ils avaient eu le visage br\u00fbl\u00e9 par le gel.<br>L. M., pages 23-25.<\/em><\/td><\/tr><\/tbody><\/table><\/figure>\n\n\n\n<p>\u2029Enfant insouciante, elle s\u2019approche d\u2019un soldat allemand&#8230;\u2029<\/p>\n\n\n\n<figure class=\"wp-block-table\"><table><tbody><tr><td><em>On a des lapins. Mais l\u2019herbe manque dans notre petit jardin (\u2026). (\u2026) on se retrouve sur la pente asphalt\u00e9e qui arrive \u00e0 l\u2019esplanade de la Chartreuse. L\u2019un des deux c\u00f4t\u00e9s de cette route est bord\u00e9 par une grande prairie (\u2026). On n\u2019a pas le droit d\u2019y aller. Elle est condamn\u00e9e par des barbel\u00e9s.\u2029<br>Un jeune soldat allemand est charg\u00e9 d\u2019y surveiller les chevaux (\u2026).<br>\u2029Un jour que je m\u2019\u00e9chinais \u00e0 r\u00e9colter un peu de l\u2019herbe rare du talus, il passe son bras vert-de-gris \u00e0 travers les barbel\u00e9s et je comprends d\u2019embl\u00e9e qu\u2019il veut mon panier. En trois coups de poignard, il le remplit \u00e0 ras bord.<br>\u2029L. M., pages 30-31\u2029.<\/em><\/td><\/tr><\/tbody><\/table><\/figure>\n\n\n\n<p>Septembre 1944. Lucie voit poindre son neuvi\u00e8me anniversaire. Les am\u00e9ricains approchent. La rive gauche de Li\u00e8ge est d\u00e9j\u00e0 lib\u00e9r\u00e9e, mais les allemands occupent toujours la Chartreuse.\u2029<\/p>\n\n\n\n<figure class=\"wp-block-table\"><table><tbody><tr><td><em>Un r\u00e9sistant isol\u00e9 qui avance de seuil en seuil s\u2019est mis en t\u00eate d\u2019aller lib\u00e9rer la Chartreuse tout seul. Mon p\u00e8re l\u2019incite \u00e0 la prudence mais l\u2019illumin\u00e9 ne veut rien entendre. Les am\u00e9ricains s\u2019emparent du fort pendant la nuit et JaJacques Lambiet viendra me chercher le lendemain matin: \u00abViens voir, Lulu, viens voir, il y a un mort.\u00bb\u2029<br>L. M., pages 31-32\u2029.<\/em><\/td><\/tr><\/tbody><\/table><\/figure>\n\n\n\n<p>Ce ne sont plus des skieurs qui d\u00e9valent \u00e0 pr\u00e9sent le thier de la Chartreuse, mais des chars am\u00e9ricains. La caserne a \u00e9t\u00e9 bombard\u00e9e depuis Boncelles. Les derniers soldats allemands, en retraite vers l\u2019Allemagne, sont faits prisonniers \u00e0 la Chartreuse apr\u00e8s s\u2019\u00eatre rendus. Ils seront rassembl\u00e9s dans un enclos situ\u00e9 entre la rue de la Charit\u00e9 et le thier de la Chartreuse.<\/p>\n\n\n\n<figure class=\"wp-block-table\"><table><tbody><tr><td><em>Les gens du quartier, un \u00e0 un d\u2019abord, puis en masse, p\u00e9n\u00e8trent \u00e0 la Chartreuse pour y piller ce que les Allemands ont laiss\u00e9 derri\u00e8re eux. Pas grand-chose, \u00e0 vrai dire. Des casseroles, des bancs, des couvertures, du lait en poudre.<br>\u2029L. M., page 34.<\/em><\/td><\/tr><\/tbody><\/table><\/figure>\n\n\n\n<figure class=\"wp-block-image aligncenter\"><a href=\"http:\/\/www.lachartreuse.org\/web\/wp-content\/uploads\/2018\/09\/03-prisonniers-allemands-2048.jpg\"><img loading=\"lazy\" decoding=\"async\" width=\"2048\" height=\"1365\" src=\"http:\/\/www.lachartreuse.org\/web\/wp-content\/uploads\/2018\/09\/03-prisonniers-allemands-2048.jpg\" alt=\"\" class=\"wp-image-4380\" srcset=\"http:\/\/www.lachartreuse.org\/web\/wp-content\/uploads\/2018\/09\/03-prisonniers-allemands-2048.jpg 2048w, http:\/\/www.lachartreuse.org\/web\/wp-content\/uploads\/2018\/09\/03-prisonniers-allemands-2048-300x200.jpg 300w, http:\/\/www.lachartreuse.org\/web\/wp-content\/uploads\/2018\/09\/03-prisonniers-allemands-2048-1024x683.jpg 1024w, http:\/\/www.lachartreuse.org\/web\/wp-content\/uploads\/2018\/09\/03-prisonniers-allemands-2048-768x512.jpg 768w, http:\/\/www.lachartreuse.org\/web\/wp-content\/uploads\/2018\/09\/03-prisonniers-allemands-2048-1536x1024.jpg 1536w\" sizes=\"auto, (max-width: 2048px) 100vw, 2048px\" \/><\/a><figcaption class=\"wp-element-caption\">Prisonniers allemands quittant la caserne de la Chartreuse (3).<br>Cliquez pour agrandir.<\/figcaption><\/figure>\n\n\n\n<figure class=\"wp-block-image aligncenter\"><a href=\"http:\/\/www.lachartreuse.org\/web\/wp-content\/uploads\/2018\/09\/04-char-americain-2048.jpg\"><img loading=\"lazy\" decoding=\"async\" width=\"2048\" height=\"1365\" src=\"http:\/\/www.lachartreuse.org\/web\/wp-content\/uploads\/2018\/09\/04-char-americain-2048.jpg\" alt=\"\" class=\"wp-image-4378\" srcset=\"http:\/\/www.lachartreuse.org\/web\/wp-content\/uploads\/2018\/09\/04-char-americain-2048.jpg 2048w, http:\/\/www.lachartreuse.org\/web\/wp-content\/uploads\/2018\/09\/04-char-americain-2048-300x200.jpg 300w, http:\/\/www.lachartreuse.org\/web\/wp-content\/uploads\/2018\/09\/04-char-americain-2048-1024x683.jpg 1024w, http:\/\/www.lachartreuse.org\/web\/wp-content\/uploads\/2018\/09\/04-char-americain-2048-768x512.jpg 768w, http:\/\/www.lachartreuse.org\/web\/wp-content\/uploads\/2018\/09\/04-char-americain-2048-1536x1024.jpg 1536w\" sizes=\"auto, (max-width: 2048px) 100vw, 2048px\" \/><\/a><figcaption class=\"wp-element-caption\">Char am\u00e9ricain \u00e0 l&rsquo;entr\u00e9e de l&rsquo;hospice des Petites Soeurs des Pauvres dans le thier de la Chartreuse (4).<br>Cliquez pour agrandir.<\/figcaption><\/figure>\n\n\n\n<p>Le 26 septembre 1944, l\u2019h\u00f4pital de campagne 28e General Hospital US Army s\u2019installe dans la caserne de la Chartreuse. Il y restera jusqu\u2019au 5 juillet 1945, comme le rappelle la plaque comm\u00e9morative plac\u00e9e \u00e0 l\u2019entr\u00e9e de l\u2019ancien fort.\u2029<\/p>\n\n\n\n<p>Cette unit\u00e9 avait \u00e9t\u00e9 constitu\u00e9e au Camp Rucker (Ozark, Alabama) en juin 1942. Apr\u00e8s une p\u00e9riode de formation, elle fut transf\u00e9r\u00e9e vers l\u2019Angleterre en d\u00e9cembre 1943. Ce n\u2019est qu\u2019\u00e0 la mi-aout 1944 qu\u2019elle arriva en France. Le 22 septembre, on lui donna l\u2019ordre de prendre la direction de Li\u00e8ge. Les b\u00e2timents de la caserne n\u2019\u00e9taient pas en \u00e9tat pour recevoir les bless\u00e9s. Ce n\u2019est qu\u2019un mois plus tard que ceux-ci purent y entrer; jusqu\u2019alors, ils \u00e9taient install\u00e9s dans des tentes.\u2029<\/p>\n\n\n\n<figure class=\"wp-block-image aligncenter size-full wp-image-4385\"><img loading=\"lazy\" decoding=\"async\" width=\"600\" height=\"600\" src=\"http:\/\/www.lachartreuse.org\/web\/wp-content\/uploads\/2018\/09\/05-28th-general-hospital.jpg\" alt=\"\" class=\"wp-image-4385\" srcset=\"http:\/\/www.lachartreuse.org\/web\/wp-content\/uploads\/2018\/09\/05-28th-general-hospital.jpg 600w, http:\/\/www.lachartreuse.org\/web\/wp-content\/uploads\/2018\/09\/05-28th-general-hospital-300x300.jpg 300w, http:\/\/www.lachartreuse.org\/web\/wp-content\/uploads\/2018\/09\/05-28th-general-hospital-150x150.jpg 150w\" sizes=\"auto, (max-width: 600px) 100vw, 600px\" \/><figcaption class=\"wp-element-caption\">La plaque comm\u00e9morative \u00e0 l&rsquo;entr\u00e9e de l&rsquo;ancien fort (5).<\/figcaption><\/figure>\n\n\n\n<figure class=\"wp-block-image aligncenter\"><a href=\"http:\/\/www.lachartreuse.org\/web\/wp-content\/uploads\/2018\/09\/06-28th-general-hospital-tentes.jpg\"><img loading=\"lazy\" decoding=\"async\" width=\"2048\" height=\"1365\" src=\"http:\/\/www.lachartreuse.org\/web\/wp-content\/uploads\/2018\/09\/06-28th-general-hospital-tentes.jpg\" alt=\"\" class=\"wp-image-4393\" srcset=\"http:\/\/www.lachartreuse.org\/web\/wp-content\/uploads\/2018\/09\/06-28th-general-hospital-tentes.jpg 2048w, http:\/\/www.lachartreuse.org\/web\/wp-content\/uploads\/2018\/09\/06-28th-general-hospital-tentes-300x200.jpg 300w, http:\/\/www.lachartreuse.org\/web\/wp-content\/uploads\/2018\/09\/06-28th-general-hospital-tentes-1024x683.jpg 1024w, http:\/\/www.lachartreuse.org\/web\/wp-content\/uploads\/2018\/09\/06-28th-general-hospital-tentes-768x512.jpg 768w, http:\/\/www.lachartreuse.org\/web\/wp-content\/uploads\/2018\/09\/06-28th-general-hospital-tentes-1536x1024.jpg 1536w\" sizes=\"auto, (max-width: 2048px) 100vw, 2048px\" \/><\/a><figcaption class=\"wp-element-caption\">Les tentes du 28th General Hospital devant le b\u00e2timent de la caserne qui sera am\u00e9nag\u00e9 (6).<br>Cliquez pour agrandir.<\/figcaption><\/figure>\n\n\n\n<figure class=\"wp-block-image aligncenter size-full wp-image-4391\"><img loading=\"lazy\" decoding=\"async\" width=\"550\" height=\"443\" src=\"http:\/\/www.lachartreuse.org\/web\/wp-content\/uploads\/2018\/09\/07-28th-general-hospital-ambulance.jpg\" alt=\"\" class=\"wp-image-4391\" srcset=\"http:\/\/www.lachartreuse.org\/web\/wp-content\/uploads\/2018\/09\/07-28th-general-hospital-ambulance.jpg 550w, http:\/\/www.lachartreuse.org\/web\/wp-content\/uploads\/2018\/09\/07-28th-general-hospital-ambulance-300x242.jpg 300w\" sizes=\"auto, (max-width: 550px) 100vw, 550px\" \/><figcaption class=\"wp-element-caption\">Ambulance am\u00e9ricaine dans la caserne de la Chartreuse (7).<\/figcaption><\/figure>\n\n\n\n<figure class=\"wp-block-image aligncenter\"><a href=\"http:\/\/www.lachartreuse.org\/web\/wp-content\/uploads\/2018\/09\/08-28th-general-hospital-couloir.jpg\"><img loading=\"lazy\" decoding=\"async\" width=\"2048\" height=\"1365\" src=\"http:\/\/www.lachartreuse.org\/web\/wp-content\/uploads\/2018\/09\/08-28th-general-hospital-couloir.jpg\" alt=\"\" class=\"wp-image-4392\" srcset=\"http:\/\/www.lachartreuse.org\/web\/wp-content\/uploads\/2018\/09\/08-28th-general-hospital-couloir.jpg 2048w, http:\/\/www.lachartreuse.org\/web\/wp-content\/uploads\/2018\/09\/08-28th-general-hospital-couloir-300x200.jpg 300w, http:\/\/www.lachartreuse.org\/web\/wp-content\/uploads\/2018\/09\/08-28th-general-hospital-couloir-1024x683.jpg 1024w, http:\/\/www.lachartreuse.org\/web\/wp-content\/uploads\/2018\/09\/08-28th-general-hospital-couloir-768x512.jpg 768w, http:\/\/www.lachartreuse.org\/web\/wp-content\/uploads\/2018\/09\/08-28th-general-hospital-couloir-1536x1024.jpg 1536w\" sizes=\"auto, (max-width: 2048px) 100vw, 2048px\" \/><\/a><figcaption class=\"wp-element-caption\">L&rsquo;h\u00f4pital avant son am\u00e9nagement (8).<br>Cliquez pour agrandir.<\/figcaption><\/figure>\n\n\n\n<figure class=\"wp-block-image aligncenter\"><a href=\"http:\/\/www.lachartreuse.org\/web\/wp-content\/uploads\/2018\/09\/09-28th-general-hospital-nurses.jpg\"><img loading=\"lazy\" decoding=\"async\" width=\"2048\" height=\"1365\" src=\"http:\/\/www.lachartreuse.org\/web\/wp-content\/uploads\/2018\/09\/09-28th-general-hospital-nurses.jpg\" alt=\"\" class=\"wp-image-4394\" srcset=\"http:\/\/www.lachartreuse.org\/web\/wp-content\/uploads\/2018\/09\/09-28th-general-hospital-nurses.jpg 2048w, http:\/\/www.lachartreuse.org\/web\/wp-content\/uploads\/2018\/09\/09-28th-general-hospital-nurses-300x200.jpg 300w, http:\/\/www.lachartreuse.org\/web\/wp-content\/uploads\/2018\/09\/09-28th-general-hospital-nurses-1024x683.jpg 1024w, http:\/\/www.lachartreuse.org\/web\/wp-content\/uploads\/2018\/09\/09-28th-general-hospital-nurses-768x512.jpg 768w, http:\/\/www.lachartreuse.org\/web\/wp-content\/uploads\/2018\/09\/09-28th-general-hospital-nurses-1536x1024.jpg 1536w\" sizes=\"auto, (max-width: 2048px) 100vw, 2048px\" \/><\/a><figcaption class=\"wp-element-caption\">Les infirmi\u00e8res pr\u00e9parent les lits (9).<br>Cliquez pour agrandir.<\/figcaption><\/figure>\n\n\n\n<p>D\u00e9cembre 1944. Gerd von Rundstedt lance ses troupes \u00e0 l\u2019assaut des Ardennes. Li\u00e8ge tremble.<\/p>\n\n\n\n<figure class=\"wp-block-table\"><table><tbody><tr><td><em>Vo-l\u2019-z\u00e8s r\u2019chal !\u2029<br>Ma m\u00e8re ne veut plus les voir. Elle veut quitter la rive droite pour aller se r\u00e9fugier \u00e0 Hannut chez son oncle L\u00e9on. Von Rundstedt n\u2019atteindra jamais Hannut, n\u2019est-ce pas?\u2029<br>L. M. Page 36\u2029.<\/em><\/td><\/tr><\/tbody><\/table><\/figure>\n\n\n\n<p>Apr\u00e8s avoir subi le bombardement des am\u00e9ricains \u00e0 la lib\u00e9ration de Li\u00e8ge, la caserne de la Chartreuse est \u00e0 la merci des V1 et V2. De novembre 1944 \u00e0 janvier 1945, la province de Li\u00e8ge \u201cre\u00e7ut\u201d 2.141 bombes volantes. A Grivegn\u00e9e, on en d\u00e9nombra 22, faisant 40 morts, 173 bless\u00e9s et laissant 1.900 maisons d\u00e9truites ou sinistr\u00e9es. Selon le site web WW2 US Medical Research Centre, le corps de place de la Chartreuse fut \u00e9galement touch\u00e9. (photo 11); mais pas de trace d&rsquo;une chute de V1-V2 \u00e0 cet endroit dans la carte \u00e9tablie apr\u00e8s la guerre (photo 12).\u2029<\/p>\n\n\n\n<figure class=\"wp-block-image aligncenter\"><a href=\"http:\/\/www.lachartreuse.org\/web\/wp-content\/uploads\/2018\/09\/10-28th-general-hospital-lambinon.jpg\"><img loading=\"lazy\" decoding=\"async\" width=\"2048\" height=\"1365\" src=\"http:\/\/www.lachartreuse.org\/web\/wp-content\/uploads\/2018\/09\/10-28th-general-hospital-lambinon.jpg\" alt=\"\" class=\"wp-image-4401\" srcset=\"http:\/\/www.lachartreuse.org\/web\/wp-content\/uploads\/2018\/09\/10-28th-general-hospital-lambinon.jpg 2048w, http:\/\/www.lachartreuse.org\/web\/wp-content\/uploads\/2018\/09\/10-28th-general-hospital-lambinon-300x200.jpg 300w, http:\/\/www.lachartreuse.org\/web\/wp-content\/uploads\/2018\/09\/10-28th-general-hospital-lambinon-1024x683.jpg 1024w, http:\/\/www.lachartreuse.org\/web\/wp-content\/uploads\/2018\/09\/10-28th-general-hospital-lambinon-768x512.jpg 768w, http:\/\/www.lachartreuse.org\/web\/wp-content\/uploads\/2018\/09\/10-28th-general-hospital-lambinon-1536x1024.jpg 1536w\" sizes=\"auto, (max-width: 2048px) 100vw, 2048px\" \/><\/a><figcaption class=\"wp-element-caption\">La maison Lambinon a encaiss\u00e9 le bombardement de septembre 1944 (10).<br>Cliquez pour agrandir.<\/figcaption><\/figure>\n\n\n\n<figure class=\"wp-block-image aligncenter\"><a href=\"http:\/\/www.lachartreuse.org\/web\/wp-content\/uploads\/2018\/09\/11-28th-general-hospital-v2.jpg\"><img loading=\"lazy\" decoding=\"async\" width=\"2048\" height=\"1365\" src=\"http:\/\/www.lachartreuse.org\/web\/wp-content\/uploads\/2018\/09\/11-28th-general-hospital-v2.jpg\" alt=\"\" class=\"wp-image-4402\" srcset=\"http:\/\/www.lachartreuse.org\/web\/wp-content\/uploads\/2018\/09\/11-28th-general-hospital-v2.jpg 2048w, http:\/\/www.lachartreuse.org\/web\/wp-content\/uploads\/2018\/09\/11-28th-general-hospital-v2-300x200.jpg 300w, http:\/\/www.lachartreuse.org\/web\/wp-content\/uploads\/2018\/09\/11-28th-general-hospital-v2-1024x683.jpg 1024w, http:\/\/www.lachartreuse.org\/web\/wp-content\/uploads\/2018\/09\/11-28th-general-hospital-v2-768x512.jpg 768w, http:\/\/www.lachartreuse.org\/web\/wp-content\/uploads\/2018\/09\/11-28th-general-hospital-v2-1536x1024.jpg 1536w\" sizes=\"auto, (max-width: 2048px) 100vw, 2048px\" \/><\/a><figcaption class=\"wp-element-caption\">La caserne de la Chartreuse apr\u00e8s la chute d&rsquo;un V2, selon le WW2 Us Mediacal Research Centre (11).<br>Cliquez pour agrandir.<\/figcaption><\/figure>\n\n\n\n<figure class=\"wp-block-image aligncenter\"><a href=\"http:\/\/www.lachartreuse.org\/web\/wp-content\/uploads\/2018\/10\/12-carte-v1v2-liege-1628.jpg\"><img decoding=\"async\" src=\"http:\/\/www.lachartreuse.org\/web\/wp-content\/uploads\/2018\/10\/12-carte-v1v2-liege-1628.jpg\" alt=\"\" class=\"wp-image-4424\"\/><\/a><figcaption class=\"wp-element-caption\">Localisation des chutes de V1-V2 sur Grivegn\u00e9e (12).<br>Cliquez pour agrandir.<\/figcaption><\/figure>\n\n\n\n<p>Ce casernement de quasi une ann\u00e9e aura marqu\u00e9 les soldats du 28th General Hospital, comme l\u2019attestent les nombreuses photos qu&rsquo;ils ont prises.<\/p>\n\n\n\n<figure class=\"wp-block-image aligncenter size-full wp-image-4434\"><img loading=\"lazy\" decoding=\"async\" width=\"550\" height=\"385\" src=\"http:\/\/www.lachartreuse.org\/web\/wp-content\/uploads\/2018\/10\/13-28th-general-hospital-groups.jpg\" alt=\"\" class=\"wp-image-4434\" srcset=\"http:\/\/www.lachartreuse.org\/web\/wp-content\/uploads\/2018\/10\/13-28th-general-hospital-groups.jpg 550w, http:\/\/www.lachartreuse.org\/web\/wp-content\/uploads\/2018\/10\/13-28th-general-hospital-groups-300x210.jpg 300w\" sizes=\"auto, (max-width: 550px) 100vw, 550px\" \/><figcaption class=\"wp-element-caption\">On pose sur le toit de l\u2019h\u00f4pital de la Chartreuse (13).<\/figcaption><\/figure>\n\n\n\n<hr class=\"wp-block-separator has-alpha-channel-opacity\"\/>\n\n\n\n<p>(1) <em>M\u00e9moires de guerre d\u2019une petite fille \u00e0 Li\u00e8ge et autres souvenirs<\/em>, Lucie Minguet, Now Future Editions ASBL, Li\u00e8ge, 2017, 140 pages, 16 \u20ac.<br><a href=\"https:\/\/nowfuture-editions.com\/produit\/memoires-de-guerre-dune-petite-fille-a-liege\" target=\"_blank\" rel=\"noopener\">\u2028https:\/\/nowfuture-editions.com\/produit\/memoires-de-guerre-dune-petite-fille-a-liege<\/a><br>(2) Photo disponible sur le blog <a href=\"https:\/\/cedvdh.skyrock.com\" target=\"_blank\" rel=\"noopener\">https:\/\/cedvdh.skyrock.com<\/a>. Derri\u00e8re les soldats, c\u2019est la partie sup\u00e9rieure du thier de la Chartreuse. Tout au fond, \u00e0 gauche les maisons 45 et 47 de la rue Justin Lenders. A droite, les maisons de la rue Joseph Dejardin.<br>(3, 4) Clich\u00e9s r\u00e9alis\u00e9s \u00e0 la lib\u00e9ration par un riverain oeuvrant comme interpr\u00e8te pour les troupes am\u00e9ricaines (nom inconnu). Copies de Christian Pisart.<br>\u2029(5) Photo Andr\u00e9 Rombauts, septembre 2018.<br>(6, 7, 8, 9, 10, 11, 13) Photos prises par l\u2019arm\u00e9e am\u00e9ricaine, disponibles sur le site web du WW2 US Medical Research Centre<br><a href=\"https:\/\/www.med-dept.com\/unit-histories\/28th-general-hospital\/\" target=\"_blank\" rel=\"noopener\">https:\/\/www.med-dept.com\/unit-histories\/28th-general-hospital\/<\/a><br>(12) Photo disponible sur le site web <a href=\"http:\/\/www.chokier.com\/FILES\/PLANS\/1945-Robot.html\" target=\"_blank\" rel=\"noopener\">http:\/\/www.chokier.com\/FILES\/PLANS\/1945-Robot.html<\/a><\/p>\n\n\n\n<hr class=\"wp-block-separator has-alpha-channel-opacity\"\/>\n\n\n\n<p><strong>Andr\u00e9 Rombauts<\/strong>,<br>avec mes remerciements \u00e0 Mme Lucie Minguet et \u00e0 M. Christian Pisart.<\/p>\n<div class=\"pdfprnt-buttons pdfprnt-buttons-post pdfprnt-bottom-right\"><a href=\"http:\/\/www.lachartreuse.org\/web\/wp-json\/wp\/v2\/posts\/4355?print=pdf\" class=\"pdfprnt-button pdfprnt-button-pdf\" target=\"_blank\" ><img decoding=\"async\" src=\"http:\/\/www.lachartreuse.org\/web\/wp-content\/plugins\/pdf-print\/images\/pdf.png\" alt=\"image_pdf\" title=\"T\u00e9l\u00e9charger le PDF\" \/><\/a><a href=\"http:\/\/www.lachartreuse.org\/web\/wp-json\/wp\/v2\/posts\/4355?print=print\" class=\"pdfprnt-button pdfprnt-button-print\" target=\"_blank\" ><img decoding=\"async\" src=\"http:\/\/www.lachartreuse.org\/web\/wp-content\/plugins\/pdf-print\/images\/print.png\" alt=\"image_print\" title=\"Contenu imprim\u00e9\" \/><\/a><\/div>","protected":false},"excerpt":{"rendered":"<p>&nbsp;Lire l&rsquo;article en PDF Mai 1940. Lucie Gielen n\u2019a pas encore cinq ans quand l\u2019arm\u00e9e allemande s\u2019installe dans la caserne de la Chartreuse. Elle se souvient pourtant de ces ann\u00e9es dans M\u00e9moires de guerre d\u2019une petite fille \u00e0 Li\u00e8ge et autres souvenirs (1). Elle a accept\u00e9 que je partage ses souvenirs avec vous&#8230;&nbsp; Donc, les [&hellip;]<\/p>\n","protected":false},"author":6,"featured_media":4372,"comment_status":"closed","ping_status":"open","sticky":false,"template":"","format":"standard","meta":{"_eb_attr":"","_uag_custom_page_level_css":"","site-sidebar-layout":"default","site-content-layout":"","ast-site-content-layout":"default","site-content-style":"default","site-sidebar-style":"default","ast-global-header-display":"","ast-banner-title-visibility":"","ast-main-header-display":"","ast-hfb-above-header-display":"","ast-hfb-below-header-display":"","ast-hfb-mobile-header-display":"","site-post-title":"","ast-breadcrumbs-content":"","ast-featured-img":"","footer-sml-layout":"","ast-disable-related-posts":"","theme-transparent-header-meta":"","adv-header-id-meta":"","stick-header-meta":"","header-above-stick-meta":"","header-main-stick-meta":"","header-below-stick-meta":"","astra-migrate-meta-layouts":"default","ast-page-background-enabled":"default","ast-page-background-meta":{"desktop":{"background-color":"var(--ast-global-color-4)","background-image":"","background-repeat":"repeat","background-position":"center center","background-size":"auto","background-attachment":"scroll","background-type":"","background-media":"","overlay-type":"","overlay-color":"","overlay-opacity":"","overlay-gradient":""},"tablet":{"background-color":"","background-image":"","background-repeat":"repeat","background-position":"center center","background-size":"auto","background-attachment":"scroll","background-type":"","background-media":"","overlay-type":"","overlay-color":"","overlay-opacity":"","overlay-gradient":""},"mobile":{"background-color":"","background-image":"","background-repeat":"repeat","background-position":"center center","background-size":"auto","background-attachment":"scroll","background-type":"","background-media":"","overlay-type":"","overlay-color":"","overlay-opacity":"","overlay-gradient":""}},"ast-content-background-meta":{"desktop":{"background-color":"var(--ast-global-color-5)","background-image":"","background-repeat":"repeat","background-position":"center center","background-size":"auto","background-attachment":"scroll","background-type":"","background-media":"","overlay-type":"","overlay-color":"","overlay-opacity":"","overlay-gradient":""},"tablet":{"background-color":"var(--ast-global-color-5)","background-image":"","background-repeat":"repeat","background-position":"center center","background-size":"auto","background-attachment":"scroll","background-type":"","background-media":"","overlay-type":"","overlay-color":"","overlay-opacity":"","overlay-gradient":""},"mobile":{"background-color":"var(--ast-global-color-5)","background-image":"","background-repeat":"repeat","background-position":"center center","background-size":"auto","background-attachment":"scroll","background-type":"","background-media":"","overlay-type":"","overlay-color":"","overlay-opacity":"","overlay-gradient":""}},"footnotes":""},"categories":[7],"tags":[],"class_list":["post-4355","post","type-post","status-publish","format-standard","has-post-thumbnail","hentry","category-au-fil-des-jours"],"featured_image_src":"http:\/\/www.lachartreuse.org\/web\/wp-content\/uploads\/2018\/09\/04-char-americain-1140x760-1.jpg","author_info":{"display_name":"Pierre Michaux","author_link":"http:\/\/www.lachartreuse.org\/web\/author\/pmichaux\/"},"uagb_featured_image_src":{"full":["http:\/\/www.lachartreuse.org\/web\/wp-content\/uploads\/2018\/09\/04-char-americain-1140x760-1.jpg",1140,760,false],"thumbnail":["http:\/\/www.lachartreuse.org\/web\/wp-content\/uploads\/2018\/09\/04-char-americain-1140x760-1-150x150.jpg",150,150,true],"medium":["http:\/\/www.lachartreuse.org\/web\/wp-content\/uploads\/2018\/09\/04-char-americain-1140x760-1-300x200.jpg",300,200,true],"medium_large":["http:\/\/www.lachartreuse.org\/web\/wp-content\/uploads\/2018\/09\/04-char-americain-1140x760-1-768x512.jpg",768,512,true],"large":["http:\/\/www.lachartreuse.org\/web\/wp-content\/uploads\/2018\/09\/04-char-americain-1140x760-1-1024x683.jpg",1024,683,true],"1536x1536":["http:\/\/www.lachartreuse.org\/web\/wp-content\/uploads\/2018\/09\/04-char-americain-1140x760-1.jpg",1140,760,false],"2048x2048":["http:\/\/www.lachartreuse.org\/web\/wp-content\/uploads\/2018\/09\/04-char-americain-1140x760-1.jpg",1140,760,false]},"uagb_author_info":{"display_name":"Pierre Michaux","author_link":"http:\/\/www.lachartreuse.org\/web\/author\/pmichaux\/"},"uagb_comment_info":0,"uagb_excerpt":"&nbsp;Lire l&rsquo;article en PDF Mai 1940. Lucie Gielen n\u2019a pas encore cinq ans quand l\u2019arm\u00e9e allemande s\u2019installe dans la caserne de la Chartreuse. Elle se souvient pourtant de ces ann\u00e9es dans M\u00e9moires de guerre d\u2019une petite fille \u00e0 Li\u00e8ge et autres souvenirs (1). Elle a accept\u00e9 que je partage ses souvenirs avec vous&#8230;&nbsp; Donc, les\u2026","_links":{"self":[{"href":"http:\/\/www.lachartreuse.org\/web\/wp-json\/wp\/v2\/posts\/4355","targetHints":{"allow":["GET"]}}],"collection":[{"href":"http:\/\/www.lachartreuse.org\/web\/wp-json\/wp\/v2\/posts"}],"about":[{"href":"http:\/\/www.lachartreuse.org\/web\/wp-json\/wp\/v2\/types\/post"}],"author":[{"embeddable":true,"href":"http:\/\/www.lachartreuse.org\/web\/wp-json\/wp\/v2\/users\/6"}],"replies":[{"embeddable":true,"href":"http:\/\/www.lachartreuse.org\/web\/wp-json\/wp\/v2\/comments?post=4355"}],"version-history":[{"count":1,"href":"http:\/\/www.lachartreuse.org\/web\/wp-json\/wp\/v2\/posts\/4355\/revisions"}],"predecessor-version":[{"id":29160,"href":"http:\/\/www.lachartreuse.org\/web\/wp-json\/wp\/v2\/posts\/4355\/revisions\/29160"}],"wp:featuredmedia":[{"embeddable":true,"href":"http:\/\/www.lachartreuse.org\/web\/wp-json\/wp\/v2\/media\/4372"}],"wp:attachment":[{"href":"http:\/\/www.lachartreuse.org\/web\/wp-json\/wp\/v2\/media?parent=4355"}],"wp:term":[{"taxonomy":"category","embeddable":true,"href":"http:\/\/www.lachartreuse.org\/web\/wp-json\/wp\/v2\/categories?post=4355"},{"taxonomy":"post_tag","embeddable":true,"href":"http:\/\/www.lachartreuse.org\/web\/wp-json\/wp\/v2\/tags?post=4355"}],"curies":[{"name":"wp","href":"https:\/\/api.w.org\/{rel}","templated":true}]}}