{"id":4032,"date":"2018-09-20T09:36:48","date_gmt":"2018-09-20T07:36:48","guid":{"rendered":"http:\/\/www.lachartreuse.org\/web\/?p=4032"},"modified":"2023-08-04T19:42:49","modified_gmt":"2023-08-04T17:42:49","slug":"la-journee-du-plouc-a-la-chartreuse","status":"publish","type":"post","link":"http:\/\/www.lachartreuse.org\/web\/la-journee-du-plouc-a-la-chartreuse\/","title":{"rendered":"La journ\u00e9e du plouc \u00e0 la Chartreuse"},"content":{"rendered":"\n<p>&nbsp;<br>Ceux qui s&rsquo;aventurent dans les b\u00e2timents en ruines de l&rsquo;ancienne caserne de la Chartreuse peuvent y voir des tags, des grafitis, parfois fort jolies. Mais les squatteurs et autres explorateurs \u00ab\u00a0urbex\u00a0\u00bb ne furent pas les premiers \u00e0 marquer leur passage par un dessin sur les murs. Certains \u00ab\u00a0visiteurs\u00a0\u00bb ont sans doute eu l&rsquo;attention attir\u00e9e par d&rsquo;autres oeuvres, plus anciennes, au style bien diff\u00e9rent&#8230; Vous avez peut-\u00eatre vu sur le web des photos de celles-ci.<\/p>\n\n\n\n<p>L&rsquo;ASBL La Chartreuse, \u00e0 la fin des ann\u00e9es 1990, alors qu&rsquo;elle disposait d&rsquo;un local dans l&rsquo;ancienne caserne (souvent vandalis\u00e9), a r\u00e9alis\u00e9 un s\u00e9rie de photographies des \u00ab\u00a0fresques\u00a0\u00bb peintes dans plusieurs b\u00e2timents (la caserne mais aussi la \u00ab\u00a0veille ferme\u00a0\u00bb). En voici une premi\u00e8re s\u00e9rie. Il s&rsquo;agit de num\u00e9risations de photos argentiques. Merci \u00e0 Christian Pisart d&rsquo;avoir conserv\u00e9 ces \u00ab\u00a0archives photographiques\u00a0\u00bb.<br><\/p>\n\n\n\n<p>Voir les autres \u00ab\u00a0fresques\u00a0\u00bb du fort de la Chartreuse:<\/p>\n\n\n\n<p><strong><a href=\"http:\/\/www.lachartreuse.org\/web\/swing-a-la-chartreuse\/\"><em>Swing \u00e0 la Chartreuse<\/em><\/a><\/strong><br><strong><a href=\"http:\/\/www.lachartreuse.org\/web\/soldat-disney-au-rapport\/\"><em>Soldat Disney, au rapport!<\/em><\/a><\/strong><\/p>\n\n\n\n<figure class=\"wp-block-gallery has-nested-images columns-default is-cropped wp-block-gallery-1 is-layout-flex wp-block-gallery-is-layout-flex\">\n<figure class=\"wp-block-image size-large\"><img loading=\"lazy\" decoding=\"async\" width=\"1024\" height=\"683\" data-id=\"4198\" src=\"http:\/\/www.lachartreuse.org\/web\/wp-content\/uploads\/2018\/09\/plouc-1140x760-1-1024x683.jpg\" alt=\"\" class=\"wp-image-4198\" srcset=\"http:\/\/www.lachartreuse.org\/web\/wp-content\/uploads\/2018\/09\/plouc-1140x760-1-1024x683.jpg 1024w, http:\/\/www.lachartreuse.org\/web\/wp-content\/uploads\/2018\/09\/plouc-1140x760-1-300x200.jpg 300w, http:\/\/www.lachartreuse.org\/web\/wp-content\/uploads\/2018\/09\/plouc-1140x760-1-768x512.jpg 768w, http:\/\/www.lachartreuse.org\/web\/wp-content\/uploads\/2018\/09\/plouc-1140x760-1.jpg 1140w\" sizes=\"auto, (max-width: 1024px) 100vw, 1024px\" \/><\/figure>\n\n\n\n<figure class=\"wp-block-image size-large\"><img loading=\"lazy\" decoding=\"async\" width=\"683\" height=\"1024\" data-id=\"4197\" src=\"http:\/\/www.lachartreuse.org\/web\/wp-content\/uploads\/2018\/09\/fresques-du-fort-s04-15-web-683x1024.jpg\" alt=\"\" class=\"wp-image-4197\" srcset=\"http:\/\/www.lachartreuse.org\/web\/wp-content\/uploads\/2018\/09\/fresques-du-fort-s04-15-web-683x1024.jpg 683w, http:\/\/www.lachartreuse.org\/web\/wp-content\/uploads\/2018\/09\/fresques-du-fort-s04-15-web-200x300.jpg 200w, http:\/\/www.lachartreuse.org\/web\/wp-content\/uploads\/2018\/09\/fresques-du-fort-s04-15-web-768x1152.jpg 768w, http:\/\/www.lachartreuse.org\/web\/wp-content\/uploads\/2018\/09\/fresques-du-fort-s04-15-web-1024x1536.jpg 1024w, http:\/\/www.lachartreuse.org\/web\/wp-content\/uploads\/2018\/09\/fresques-du-fort-s04-15-web.jpg 1365w\" sizes=\"auto, (max-width: 683px) 100vw, 683px\" \/><\/figure>\n\n\n\n<figure class=\"wp-block-image size-large\"><img loading=\"lazy\" decoding=\"async\" width=\"683\" height=\"1024\" data-id=\"4196\" src=\"http:\/\/www.lachartreuse.org\/web\/wp-content\/uploads\/2018\/09\/fresques-du-fort-s04-17-web-683x1024.jpg\" alt=\"\" class=\"wp-image-4196\" srcset=\"http:\/\/www.lachartreuse.org\/web\/wp-content\/uploads\/2018\/09\/fresques-du-fort-s04-17-web-683x1024.jpg 683w, http:\/\/www.lachartreuse.org\/web\/wp-content\/uploads\/2018\/09\/fresques-du-fort-s04-17-web-200x300.jpg 200w, http:\/\/www.lachartreuse.org\/web\/wp-content\/uploads\/2018\/09\/fresques-du-fort-s04-17-web-768x1152.jpg 768w, http:\/\/www.lachartreuse.org\/web\/wp-content\/uploads\/2018\/09\/fresques-du-fort-s04-17-web-1024x1536.jpg 1024w, http:\/\/www.lachartreuse.org\/web\/wp-content\/uploads\/2018\/09\/fresques-du-fort-s04-17-web.jpg 1365w\" sizes=\"auto, (max-width: 683px) 100vw, 683px\" \/><\/figure>\n\n\n\n<figure class=\"wp-block-image size-large\"><img loading=\"lazy\" decoding=\"async\" width=\"683\" height=\"1024\" data-id=\"4195\" src=\"http:\/\/www.lachartreuse.org\/web\/wp-content\/uploads\/2018\/09\/fresques-du-fort-s04-16-web-683x1024.jpg\" alt=\"\" class=\"wp-image-4195\" srcset=\"http:\/\/www.lachartreuse.org\/web\/wp-content\/uploads\/2018\/09\/fresques-du-fort-s04-16-web-683x1024.jpg 683w, http:\/\/www.lachartreuse.org\/web\/wp-content\/uploads\/2018\/09\/fresques-du-fort-s04-16-web-200x300.jpg 200w, http:\/\/www.lachartreuse.org\/web\/wp-content\/uploads\/2018\/09\/fresques-du-fort-s04-16-web-768x1152.jpg 768w, http:\/\/www.lachartreuse.org\/web\/wp-content\/uploads\/2018\/09\/fresques-du-fort-s04-16-web-1024x1536.jpg 1024w, http:\/\/www.lachartreuse.org\/web\/wp-content\/uploads\/2018\/09\/fresques-du-fort-s04-16-web.jpg 1365w\" sizes=\"auto, (max-width: 683px) 100vw, 683px\" \/><\/figure>\n\n\n\n<figure class=\"wp-block-image size-large\"><img loading=\"lazy\" decoding=\"async\" width=\"691\" height=\"1024\" data-id=\"4194\" src=\"http:\/\/www.lachartreuse.org\/web\/wp-content\/uploads\/2018\/09\/fresques-du-fort-s01-20-web-691x1024.jpg\" alt=\"\" class=\"wp-image-4194\" srcset=\"http:\/\/www.lachartreuse.org\/web\/wp-content\/uploads\/2018\/09\/fresques-du-fort-s01-20-web-691x1024.jpg 691w, http:\/\/www.lachartreuse.org\/web\/wp-content\/uploads\/2018\/09\/fresques-du-fort-s01-20-web-202x300.jpg 202w, http:\/\/www.lachartreuse.org\/web\/wp-content\/uploads\/2018\/09\/fresques-du-fort-s01-20-web-768x1138.jpg 768w, http:\/\/www.lachartreuse.org\/web\/wp-content\/uploads\/2018\/09\/fresques-du-fort-s01-20-web-1037x1536.jpg 1037w, http:\/\/www.lachartreuse.org\/web\/wp-content\/uploads\/2018\/09\/fresques-du-fort-s01-20-web.jpg 1382w\" sizes=\"auto, (max-width: 691px) 100vw, 691px\" \/><\/figure>\n\n\n\n<figure class=\"wp-block-image size-large\"><img loading=\"lazy\" decoding=\"async\" width=\"683\" height=\"1024\" data-id=\"4192\" src=\"http:\/\/www.lachartreuse.org\/web\/wp-content\/uploads\/2018\/09\/fresques-du-fort-s04-01-web-683x1024.jpg\" alt=\"\" class=\"wp-image-4192\" srcset=\"http:\/\/www.lachartreuse.org\/web\/wp-content\/uploads\/2018\/09\/fresques-du-fort-s04-01-web-683x1024.jpg 683w, http:\/\/www.lachartreuse.org\/web\/wp-content\/uploads\/2018\/09\/fresques-du-fort-s04-01-web-200x300.jpg 200w, http:\/\/www.lachartreuse.org\/web\/wp-content\/uploads\/2018\/09\/fresques-du-fort-s04-01-web-768x1152.jpg 768w, http:\/\/www.lachartreuse.org\/web\/wp-content\/uploads\/2018\/09\/fresques-du-fort-s04-01-web-1024x1536.jpg 1024w, http:\/\/www.lachartreuse.org\/web\/wp-content\/uploads\/2018\/09\/fresques-du-fort-s04-01-web.jpg 1365w\" sizes=\"auto, (max-width: 683px) 100vw, 683px\" \/><\/figure>\n\n\n\n<figure class=\"wp-block-image size-large\"><img loading=\"lazy\" decoding=\"async\" width=\"691\" height=\"1024\" data-id=\"4193\" src=\"http:\/\/www.lachartreuse.org\/web\/wp-content\/uploads\/2018\/09\/fresques-du-fort-s01-19-web-691x1024.jpg\" alt=\"\" class=\"wp-image-4193\" srcset=\"http:\/\/www.lachartreuse.org\/web\/wp-content\/uploads\/2018\/09\/fresques-du-fort-s01-19-web-691x1024.jpg 691w, http:\/\/www.lachartreuse.org\/web\/wp-content\/uploads\/2018\/09\/fresques-du-fort-s01-19-web-202x300.jpg 202w, http:\/\/www.lachartreuse.org\/web\/wp-content\/uploads\/2018\/09\/fresques-du-fort-s01-19-web-768x1138.jpg 768w, http:\/\/www.lachartreuse.org\/web\/wp-content\/uploads\/2018\/09\/fresques-du-fort-s01-19-web-1037x1536.jpg 1037w, http:\/\/www.lachartreuse.org\/web\/wp-content\/uploads\/2018\/09\/fresques-du-fort-s01-19-web.jpg 1382w\" sizes=\"auto, (max-width: 691px) 100vw, 691px\" \/><\/figure>\n\n\n\n<figure class=\"wp-block-image size-large\"><img loading=\"lazy\" decoding=\"async\" width=\"691\" height=\"1024\" data-id=\"4191\" src=\"http:\/\/www.lachartreuse.org\/web\/wp-content\/uploads\/2018\/09\/fresques-du-fort-s01-18-web-691x1024.jpg\" alt=\"\" class=\"wp-image-4191\" srcset=\"http:\/\/www.lachartreuse.org\/web\/wp-content\/uploads\/2018\/09\/fresques-du-fort-s01-18-web-691x1024.jpg 691w, http:\/\/www.lachartreuse.org\/web\/wp-content\/uploads\/2018\/09\/fresques-du-fort-s01-18-web-202x300.jpg 202w, http:\/\/www.lachartreuse.org\/web\/wp-content\/uploads\/2018\/09\/fresques-du-fort-s01-18-web-768x1138.jpg 768w, http:\/\/www.lachartreuse.org\/web\/wp-content\/uploads\/2018\/09\/fresques-du-fort-s01-18-web-1037x1536.jpg 1037w, http:\/\/www.lachartreuse.org\/web\/wp-content\/uploads\/2018\/09\/fresques-du-fort-s01-18-web.jpg 1382w\" sizes=\"auto, (max-width: 691px) 100vw, 691px\" \/><\/figure>\n\n\n\n<figure class=\"wp-block-image size-large\"><img loading=\"lazy\" decoding=\"async\" width=\"691\" height=\"1024\" data-id=\"4190\" src=\"http:\/\/www.lachartreuse.org\/web\/wp-content\/uploads\/2018\/09\/fresques-du-fort-s01-17-web-691x1024.jpg\" alt=\"\" class=\"wp-image-4190\" srcset=\"http:\/\/www.lachartreuse.org\/web\/wp-content\/uploads\/2018\/09\/fresques-du-fort-s01-17-web-691x1024.jpg 691w, http:\/\/www.lachartreuse.org\/web\/wp-content\/uploads\/2018\/09\/fresques-du-fort-s01-17-web-202x300.jpg 202w, http:\/\/www.lachartreuse.org\/web\/wp-content\/uploads\/2018\/09\/fresques-du-fort-s01-17-web-768x1138.jpg 768w, http:\/\/www.lachartreuse.org\/web\/wp-content\/uploads\/2018\/09\/fresques-du-fort-s01-17-web-1037x1536.jpg 1037w, http:\/\/www.lachartreuse.org\/web\/wp-content\/uploads\/2018\/09\/fresques-du-fort-s01-17-web.jpg 1382w\" sizes=\"auto, (max-width: 691px) 100vw, 691px\" \/><\/figure>\n\n\n\n<figure class=\"wp-block-image size-large\"><img loading=\"lazy\" decoding=\"async\" width=\"683\" height=\"1024\" data-id=\"4188\" src=\"http:\/\/www.lachartreuse.org\/web\/wp-content\/uploads\/2018\/09\/fresques-du-fort-s01-09-web-683x1024.jpg\" alt=\"\" class=\"wp-image-4188\" srcset=\"http:\/\/www.lachartreuse.org\/web\/wp-content\/uploads\/2018\/09\/fresques-du-fort-s01-09-web-683x1024.jpg 683w, http:\/\/www.lachartreuse.org\/web\/wp-content\/uploads\/2018\/09\/fresques-du-fort-s01-09-web-200x300.jpg 200w, http:\/\/www.lachartreuse.org\/web\/wp-content\/uploads\/2018\/09\/fresques-du-fort-s01-09-web-768x1152.jpg 768w, http:\/\/www.lachartreuse.org\/web\/wp-content\/uploads\/2018\/09\/fresques-du-fort-s01-09-web-1024x1536.jpg 1024w, http:\/\/www.lachartreuse.org\/web\/wp-content\/uploads\/2018\/09\/fresques-du-fort-s01-09-web.jpg 1365w\" sizes=\"auto, (max-width: 683px) 100vw, 683px\" \/><\/figure>\n\n\n\n<figure class=\"wp-block-image size-large\"><img loading=\"lazy\" decoding=\"async\" width=\"683\" height=\"1024\" data-id=\"4189\" src=\"http:\/\/www.lachartreuse.org\/web\/wp-content\/uploads\/2018\/09\/fresques-du-fort-s01-07-web-683x1024.jpg\" alt=\"\" class=\"wp-image-4189\" srcset=\"http:\/\/www.lachartreuse.org\/web\/wp-content\/uploads\/2018\/09\/fresques-du-fort-s01-07-web-683x1024.jpg 683w, http:\/\/www.lachartreuse.org\/web\/wp-content\/uploads\/2018\/09\/fresques-du-fort-s01-07-web-200x300.jpg 200w, http:\/\/www.lachartreuse.org\/web\/wp-content\/uploads\/2018\/09\/fresques-du-fort-s01-07-web-768x1152.jpg 768w, http:\/\/www.lachartreuse.org\/web\/wp-content\/uploads\/2018\/09\/fresques-du-fort-s01-07-web-1024x1536.jpg 1024w, http:\/\/www.lachartreuse.org\/web\/wp-content\/uploads\/2018\/09\/fresques-du-fort-s01-07-web.jpg 1365w\" sizes=\"auto, (max-width: 683px) 100vw, 683px\" \/><\/figure>\n\n\n\n<figure class=\"wp-block-image size-large\"><img loading=\"lazy\" decoding=\"async\" width=\"691\" height=\"1024\" data-id=\"4187\" src=\"http:\/\/www.lachartreuse.org\/web\/wp-content\/uploads\/2018\/09\/fresques-du-fort-s01-03-web-691x1024.jpg\" alt=\"\" class=\"wp-image-4187\" srcset=\"http:\/\/www.lachartreuse.org\/web\/wp-content\/uploads\/2018\/09\/fresques-du-fort-s01-03-web-691x1024.jpg 691w, http:\/\/www.lachartreuse.org\/web\/wp-content\/uploads\/2018\/09\/fresques-du-fort-s01-03-web-202x300.jpg 202w, http:\/\/www.lachartreuse.org\/web\/wp-content\/uploads\/2018\/09\/fresques-du-fort-s01-03-web-768x1138.jpg 768w, http:\/\/www.lachartreuse.org\/web\/wp-content\/uploads\/2018\/09\/fresques-du-fort-s01-03-web-1037x1536.jpg 1037w, http:\/\/www.lachartreuse.org\/web\/wp-content\/uploads\/2018\/09\/fresques-du-fort-s01-03-web.jpg 1382w\" sizes=\"auto, (max-width: 691px) 100vw, 691px\" \/><\/figure>\n\n\n\n<figure class=\"wp-block-image size-large\"><img loading=\"lazy\" decoding=\"async\" width=\"683\" height=\"1024\" data-id=\"4185\" src=\"http:\/\/www.lachartreuse.org\/web\/wp-content\/uploads\/2018\/09\/fresques-du-fort-s01-05-web-683x1024.jpg\" alt=\"\" class=\"wp-image-4185\" srcset=\"http:\/\/www.lachartreuse.org\/web\/wp-content\/uploads\/2018\/09\/fresques-du-fort-s01-05-web-683x1024.jpg 683w, http:\/\/www.lachartreuse.org\/web\/wp-content\/uploads\/2018\/09\/fresques-du-fort-s01-05-web-200x300.jpg 200w, http:\/\/www.lachartreuse.org\/web\/wp-content\/uploads\/2018\/09\/fresques-du-fort-s01-05-web-768x1152.jpg 768w, http:\/\/www.lachartreuse.org\/web\/wp-content\/uploads\/2018\/09\/fresques-du-fort-s01-05-web-1024x1536.jpg 1024w, http:\/\/www.lachartreuse.org\/web\/wp-content\/uploads\/2018\/09\/fresques-du-fort-s01-05-web.jpg 1365w\" sizes=\"auto, (max-width: 683px) 100vw, 683px\" \/><\/figure>\n\n\n\n<figure class=\"wp-block-image size-large\"><img loading=\"lazy\" decoding=\"async\" width=\"692\" height=\"1024\" data-id=\"4186\" src=\"http:\/\/www.lachartreuse.org\/web\/wp-content\/uploads\/2018\/09\/fresques-du-fort-s01-06-web-692x1024.jpg\" alt=\"\" class=\"wp-image-4186\" srcset=\"http:\/\/www.lachartreuse.org\/web\/wp-content\/uploads\/2018\/09\/fresques-du-fort-s01-06-web-692x1024.jpg 692w, http:\/\/www.lachartreuse.org\/web\/wp-content\/uploads\/2018\/09\/fresques-du-fort-s01-06-web-203x300.jpg 203w, http:\/\/www.lachartreuse.org\/web\/wp-content\/uploads\/2018\/09\/fresques-du-fort-s01-06-web-768x1137.jpg 768w, http:\/\/www.lachartreuse.org\/web\/wp-content\/uploads\/2018\/09\/fresques-du-fort-s01-06-web-1037x1536.jpg 1037w, http:\/\/www.lachartreuse.org\/web\/wp-content\/uploads\/2018\/09\/fresques-du-fort-s01-06-web.jpg 1383w\" sizes=\"auto, (max-width: 692px) 100vw, 692px\" \/><\/figure>\n\n\n\n<figure class=\"wp-block-image size-large\"><img loading=\"lazy\" decoding=\"async\" width=\"683\" height=\"1024\" data-id=\"4184\" src=\"http:\/\/www.lachartreuse.org\/web\/wp-content\/uploads\/2018\/09\/fresques-du-fort-s01-08-web-683x1024.jpg\" alt=\"\" class=\"wp-image-4184\" srcset=\"http:\/\/www.lachartreuse.org\/web\/wp-content\/uploads\/2018\/09\/fresques-du-fort-s01-08-web-683x1024.jpg 683w, http:\/\/www.lachartreuse.org\/web\/wp-content\/uploads\/2018\/09\/fresques-du-fort-s01-08-web-200x300.jpg 200w, http:\/\/www.lachartreuse.org\/web\/wp-content\/uploads\/2018\/09\/fresques-du-fort-s01-08-web-768x1152.jpg 768w, http:\/\/www.lachartreuse.org\/web\/wp-content\/uploads\/2018\/09\/fresques-du-fort-s01-08-web-1024x1536.jpg 1024w, http:\/\/www.lachartreuse.org\/web\/wp-content\/uploads\/2018\/09\/fresques-du-fort-s01-08-web.jpg 1365w\" sizes=\"auto, (max-width: 683px) 100vw, 683px\" \/><\/figure>\n\n\n\n<figure class=\"wp-block-image size-large\"><img loading=\"lazy\" decoding=\"async\" width=\"1024\" height=\"691\" data-id=\"4182\" src=\"http:\/\/www.lachartreuse.org\/web\/wp-content\/uploads\/2018\/09\/fresques-du-fort-s01-02-web-1024x691.jpg\" alt=\"\" class=\"wp-image-4182\" srcset=\"http:\/\/www.lachartreuse.org\/web\/wp-content\/uploads\/2018\/09\/fresques-du-fort-s01-02-web-1024x691.jpg 1024w, http:\/\/www.lachartreuse.org\/web\/wp-content\/uploads\/2018\/09\/fresques-du-fort-s01-02-web-300x202.jpg 300w, http:\/\/www.lachartreuse.org\/web\/wp-content\/uploads\/2018\/09\/fresques-du-fort-s01-02-web-768x518.jpg 768w, http:\/\/www.lachartreuse.org\/web\/wp-content\/uploads\/2018\/09\/fresques-du-fort-s01-02-web-1536x1037.jpg 1536w, http:\/\/www.lachartreuse.org\/web\/wp-content\/uploads\/2018\/09\/fresques-du-fort-s01-02-web.jpg 2048w\" sizes=\"auto, (max-width: 1024px) 100vw, 1024px\" \/><\/figure>\n\n\n\n<figure class=\"wp-block-image size-large\"><img loading=\"lazy\" decoding=\"async\" width=\"691\" height=\"1024\" data-id=\"4183\" src=\"http:\/\/www.lachartreuse.org\/web\/wp-content\/uploads\/2018\/09\/fresques-du-fort-s01-04-web-691x1024.jpg\" alt=\"\" class=\"wp-image-4183\" srcset=\"http:\/\/www.lachartreuse.org\/web\/wp-content\/uploads\/2018\/09\/fresques-du-fort-s01-04-web-691x1024.jpg 691w, http:\/\/www.lachartreuse.org\/web\/wp-content\/uploads\/2018\/09\/fresques-du-fort-s01-04-web-202x300.jpg 202w, http:\/\/www.lachartreuse.org\/web\/wp-content\/uploads\/2018\/09\/fresques-du-fort-s01-04-web-768x1139.jpg 768w, http:\/\/www.lachartreuse.org\/web\/wp-content\/uploads\/2018\/09\/fresques-du-fort-s01-04-web-1036x1536.jpg 1036w, http:\/\/www.lachartreuse.org\/web\/wp-content\/uploads\/2018\/09\/fresques-du-fort-s01-04-web.jpg 1381w\" sizes=\"auto, (max-width: 691px) 100vw, 691px\" \/><\/figure>\n\n\n\n<figure class=\"wp-block-image size-large\"><img loading=\"lazy\" decoding=\"async\" width=\"683\" height=\"1024\" data-id=\"4083\" src=\"http:\/\/www.lachartreuse.org\/web\/wp-content\/uploads\/2018\/09\/fresques-du-fort-s01-35-web-683x1024.jpg\" alt=\"\" class=\"wp-image-4083\" srcset=\"http:\/\/www.lachartreuse.org\/web\/wp-content\/uploads\/2018\/09\/fresques-du-fort-s01-35-web-683x1024.jpg 683w, http:\/\/www.lachartreuse.org\/web\/wp-content\/uploads\/2018\/09\/fresques-du-fort-s01-35-web-200x300.jpg 200w, http:\/\/www.lachartreuse.org\/web\/wp-content\/uploads\/2018\/09\/fresques-du-fort-s01-35-web-768x1152.jpg 768w, http:\/\/www.lachartreuse.org\/web\/wp-content\/uploads\/2018\/09\/fresques-du-fort-s01-35-web-1024x1536.jpg 1024w, http:\/\/www.lachartreuse.org\/web\/wp-content\/uploads\/2018\/09\/fresques-du-fort-s01-35-web-1365x2048.jpg 1365w, http:\/\/www.lachartreuse.org\/web\/wp-content\/uploads\/2018\/09\/fresques-du-fort-s01-35-web-scaled.jpg 1707w\" sizes=\"auto, (max-width: 683px) 100vw, 683px\" \/><\/figure>\n\n\n\n<figure class=\"wp-block-image size-large\"><img loading=\"lazy\" decoding=\"async\" width=\"683\" height=\"1024\" data-id=\"4082\" src=\"http:\/\/www.lachartreuse.org\/web\/wp-content\/uploads\/2018\/09\/fresques-du-fort-s01-34-web-683x1024.jpg\" alt=\"\" class=\"wp-image-4082\" srcset=\"http:\/\/www.lachartreuse.org\/web\/wp-content\/uploads\/2018\/09\/fresques-du-fort-s01-34-web-683x1024.jpg 683w, http:\/\/www.lachartreuse.org\/web\/wp-content\/uploads\/2018\/09\/fresques-du-fort-s01-34-web-200x300.jpg 200w, http:\/\/www.lachartreuse.org\/web\/wp-content\/uploads\/2018\/09\/fresques-du-fort-s01-34-web-768x1152.jpg 768w, http:\/\/www.lachartreuse.org\/web\/wp-content\/uploads\/2018\/09\/fresques-du-fort-s01-34-web-1024x1536.jpg 1024w, http:\/\/www.lachartreuse.org\/web\/wp-content\/uploads\/2018\/09\/fresques-du-fort-s01-34-web-1365x2048.jpg 1365w, http:\/\/www.lachartreuse.org\/web\/wp-content\/uploads\/2018\/09\/fresques-du-fort-s01-34-web-scaled.jpg 1707w\" sizes=\"auto, (max-width: 683px) 100vw, 683px\" \/><\/figure>\n\n\n\n<figure class=\"wp-block-image size-large\"><img loading=\"lazy\" decoding=\"async\" width=\"1024\" height=\"683\" data-id=\"4081\" src=\"http:\/\/www.lachartreuse.org\/web\/wp-content\/uploads\/2018\/09\/fresques-du-fort-s01-33-web-1024x683.jpg\" alt=\"\" class=\"wp-image-4081\" srcset=\"http:\/\/www.lachartreuse.org\/web\/wp-content\/uploads\/2018\/09\/fresques-du-fort-s01-33-web-1024x683.jpg 1024w, http:\/\/www.lachartreuse.org\/web\/wp-content\/uploads\/2018\/09\/fresques-du-fort-s01-33-web-300x200.jpg 300w, http:\/\/www.lachartreuse.org\/web\/wp-content\/uploads\/2018\/09\/fresques-du-fort-s01-33-web-768x512.jpg 768w, http:\/\/www.lachartreuse.org\/web\/wp-content\/uploads\/2018\/09\/fresques-du-fort-s01-33-web-1536x1024.jpg 1536w, http:\/\/www.lachartreuse.org\/web\/wp-content\/uploads\/2018\/09\/fresques-du-fort-s01-33-web-2048x1365.jpg 2048w\" sizes=\"auto, (max-width: 1024px) 100vw, 1024px\" \/><\/figure>\n<\/figure>\n\n\n\n<hr class=\"wp-block-separator has-css-opacity\"\/>\n<div class=\"pdfprnt-buttons pdfprnt-buttons-post pdfprnt-bottom-right\"><a href=\"http:\/\/www.lachartreuse.org\/web\/wp-json\/wp\/v2\/posts\/4032?print=pdf\" class=\"pdfprnt-button pdfprnt-button-pdf\" target=\"_blank\" ><img decoding=\"async\" src=\"http:\/\/www.lachartreuse.org\/web\/wp-content\/plugins\/pdf-print\/images\/pdf.png\" alt=\"image_pdf\" title=\"T\u00e9l\u00e9charger le PDF\" \/><\/a><a href=\"http:\/\/www.lachartreuse.org\/web\/wp-json\/wp\/v2\/posts\/4032?print=print\" class=\"pdfprnt-button pdfprnt-button-print\" target=\"_blank\" ><img decoding=\"async\" src=\"http:\/\/www.lachartreuse.org\/web\/wp-content\/plugins\/pdf-print\/images\/print.png\" alt=\"image_print\" title=\"Contenu imprim\u00e9\" \/><\/a><\/div>","protected":false},"excerpt":{"rendered":"<p>&nbsp;Ceux qui s&rsquo;aventurent dans les b\u00e2timents en ruines de l&rsquo;ancienne caserne de la Chartreuse peuvent y voir des tags, des grafitis, parfois fort jolies. Mais les squatteurs et autres explorateurs \u00ab\u00a0urbex\u00a0\u00bb ne furent pas les premiers \u00e0 marquer leur passage par un dessin sur les murs. Certains \u00ab\u00a0visiteurs\u00a0\u00bb ont sans doute eu l&rsquo;attention attir\u00e9e par [&hellip;]<\/p>\n","protected":false},"author":6,"featured_media":4198,"comment_status":"closed","ping_status":"open","sticky":false,"template":"","format":"standard","meta":{"_eb_attr":"","_uag_custom_page_level_css":"","site-sidebar-layout":"default","site-content-layout":"","ast-site-content-layout":"default","site-content-style":"default","site-sidebar-style":"default","ast-global-header-display":"","ast-banner-title-visibility":"","ast-main-header-display":"","ast-hfb-above-header-display":"","ast-hfb-below-header-display":"","ast-hfb-mobile-header-display":"","site-post-title":"","ast-breadcrumbs-content":"","ast-featured-img":"","footer-sml-layout":"","ast-disable-related-posts":"","theme-transparent-header-meta":"","adv-header-id-meta":"","stick-header-meta":"","header-above-stick-meta":"","header-main-stick-meta":"","header-below-stick-meta":"","astra-migrate-meta-layouts":"default","ast-page-background-enabled":"default","ast-page-background-meta":{"desktop":{"background-color":"var(--ast-global-color-4)","background-image":"","background-repeat":"repeat","background-position":"center center","background-size":"auto","background-attachment":"scroll","background-type":"","background-media":"","overlay-type":"","overlay-color":"","overlay-opacity":"","overlay-gradient":""},"tablet":{"background-color":"","background-image":"","background-repeat":"repeat","background-position":"center center","background-size":"auto","background-attachment":"scroll","background-type":"","background-media":"","overlay-type":"","overlay-color":"","overlay-opacity":"","overlay-gradient":""},"mobile":{"background-color":"","background-image":"","background-repeat":"repeat","background-position":"center center","background-size":"auto","background-attachment":"scroll","background-type":"","background-media":"","overlay-type":"","overlay-color":"","overlay-opacity":"","overlay-gradient":""}},"ast-content-background-meta":{"desktop":{"background-color":"var(--ast-global-color-5)","background-image":"","background-repeat":"repeat","background-position":"center center","background-size":"auto","background-attachment":"scroll","background-type":"","background-media":"","overlay-type":"","overlay-color":"","overlay-opacity":"","overlay-gradient":""},"tablet":{"background-color":"var(--ast-global-color-5)","background-image":"","background-repeat":"repeat","background-position":"center center","background-size":"auto","background-attachment":"scroll","background-type":"","background-media":"","overlay-type":"","overlay-color":"","overlay-opacity":"","overlay-gradient":""},"mobile":{"background-color":"var(--ast-global-color-5)","background-image":"","background-repeat":"repeat","background-position":"center center","background-size":"auto","background-attachment":"scroll","background-type":"","background-media":"","overlay-type":"","overlay-color":"","overlay-opacity":"","overlay-gradient":""}},"footnotes":""},"categories":[7],"tags":[],"class_list":["post-4032","post","type-post","status-publish","format-standard","has-post-thumbnail","hentry","category-au-fil-des-jours"],"featured_image_src":"http:\/\/www.lachartreuse.org\/web\/wp-content\/uploads\/2018\/09\/plouc-1140x760-1.jpg","author_info":{"display_name":"Pierre Michaux","author_link":"http:\/\/www.lachartreuse.org\/web\/author\/pmichaux\/"},"uagb_featured_image_src":{"full":["http:\/\/www.lachartreuse.org\/web\/wp-content\/uploads\/2018\/09\/plouc-1140x760-1.jpg",1140,760,false],"thumbnail":["http:\/\/www.lachartreuse.org\/web\/wp-content\/uploads\/2018\/09\/plouc-1140x760-1-150x150.jpg",150,150,true],"medium":["http:\/\/www.lachartreuse.org\/web\/wp-content\/uploads\/2018\/09\/plouc-1140x760-1-300x200.jpg",300,200,true],"medium_large":["http:\/\/www.lachartreuse.org\/web\/wp-content\/uploads\/2018\/09\/plouc-1140x760-1-768x512.jpg",768,512,true],"large":["http:\/\/www.lachartreuse.org\/web\/wp-content\/uploads\/2018\/09\/plouc-1140x760-1-1024x683.jpg",1024,683,true],"1536x1536":["http:\/\/www.lachartreuse.org\/web\/wp-content\/uploads\/2018\/09\/plouc-1140x760-1.jpg",1140,760,false],"2048x2048":["http:\/\/www.lachartreuse.org\/web\/wp-content\/uploads\/2018\/09\/plouc-1140x760-1.jpg",1140,760,false]},"uagb_author_info":{"display_name":"Pierre Michaux","author_link":"http:\/\/www.lachartreuse.org\/web\/author\/pmichaux\/"},"uagb_comment_info":0,"uagb_excerpt":"&nbsp;Ceux qui s&rsquo;aventurent dans les b\u00e2timents en ruines de l&rsquo;ancienne caserne de la Chartreuse peuvent y voir des tags, des grafitis, parfois fort jolies. Mais les squatteurs et autres explorateurs \u00ab\u00a0urbex\u00a0\u00bb ne furent pas les premiers \u00e0 marquer leur passage par un dessin sur les murs. Certains \u00ab\u00a0visiteurs\u00a0\u00bb ont sans doute eu l&rsquo;attention attir\u00e9e par\u2026","_links":{"self":[{"href":"http:\/\/www.lachartreuse.org\/web\/wp-json\/wp\/v2\/posts\/4032","targetHints":{"allow":["GET"]}}],"collection":[{"href":"http:\/\/www.lachartreuse.org\/web\/wp-json\/wp\/v2\/posts"}],"about":[{"href":"http:\/\/www.lachartreuse.org\/web\/wp-json\/wp\/v2\/types\/post"}],"author":[{"embeddable":true,"href":"http:\/\/www.lachartreuse.org\/web\/wp-json\/wp\/v2\/users\/6"}],"replies":[{"embeddable":true,"href":"http:\/\/www.lachartreuse.org\/web\/wp-json\/wp\/v2\/comments?post=4032"}],"version-history":[{"count":1,"href":"http:\/\/www.lachartreuse.org\/web\/wp-json\/wp\/v2\/posts\/4032\/revisions"}],"predecessor-version":[{"id":29163,"href":"http:\/\/www.lachartreuse.org\/web\/wp-json\/wp\/v2\/posts\/4032\/revisions\/29163"}],"wp:featuredmedia":[{"embeddable":true,"href":"http:\/\/www.lachartreuse.org\/web\/wp-json\/wp\/v2\/media\/4198"}],"wp:attachment":[{"href":"http:\/\/www.lachartreuse.org\/web\/wp-json\/wp\/v2\/media?parent=4032"}],"wp:term":[{"taxonomy":"category","embeddable":true,"href":"http:\/\/www.lachartreuse.org\/web\/wp-json\/wp\/v2\/categories?post=4032"},{"taxonomy":"post_tag","embeddable":true,"href":"http:\/\/www.lachartreuse.org\/web\/wp-json\/wp\/v2\/tags?post=4032"}],"curies":[{"name":"wp","href":"https:\/\/api.w.org\/{rel}","templated":true}]}}