{"id":3580,"date":"2018-06-30T00:00:31","date_gmt":"2018-06-29T22:00:31","guid":{"rendered":"http:\/\/www.lachartreuse.org\/web\/?p=3580"},"modified":"2023-08-04T19:50:05","modified_gmt":"2023-08-04T17:50:05","slug":"le-fort-du-declassement-a-labandon-3","status":"publish","type":"post","link":"http:\/\/www.lachartreuse.org\/web\/le-fort-du-declassement-a-labandon-3\/","title":{"rendered":"Le fort, du d\u00e9classement \u00e0 l\u2019abandon (3)"},"content":{"rendered":"\n<p><strong><a href=\"https:\/\/www.dropbox.com\/s\/ko949l4z3a9y0v2\/le-fort-du-declassement-a-labandon-3.pdf?raw=1\">T\u00e9l\u00e9chargez la version PDF de cet article.<\/a><\/strong><\/p>\n\n\n\n<p>Voir \u00e9galement:<br><a href=\"http:\/\/www.lachartreuse.org\/web\/le-fort-du-declassement-a-labandon-1\/\">Le fort, du d\u00e9classement \u00e0 l\u2019abandon (1)<\/a><br><a href=\"http:\/\/www.lachartreuse.org\/web\/le-fort-du-declassement-a-labandon-2\/\">Le fort, du d\u00e9classement \u00e0 l\u2019abandon (2)<\/a><\/p>\n\n\n\n<figure class=\"wp-block-image aligncenter\"><a href=\"http:\/\/www.lachartreuse.org\/web\/wp-content\/uploads\/2018\/09\/plan-exterieur-1140x760-1.jpg\"><img loading=\"lazy\" decoding=\"async\" width=\"1140\" height=\"760\" src=\"http:\/\/www.lachartreuse.org\/web\/wp-content\/uploads\/2018\/09\/plan-exterieur-1140x760-1.jpg\" alt=\"\" class=\"wp-image-3950\" srcset=\"http:\/\/www.lachartreuse.org\/web\/wp-content\/uploads\/2018\/09\/plan-exterieur-1140x760-1.jpg 1140w, http:\/\/www.lachartreuse.org\/web\/wp-content\/uploads\/2018\/09\/plan-exterieur-1140x760-1-300x200.jpg 300w, http:\/\/www.lachartreuse.org\/web\/wp-content\/uploads\/2018\/09\/plan-exterieur-1140x760-1-1024x683.jpg 1024w, http:\/\/www.lachartreuse.org\/web\/wp-content\/uploads\/2018\/09\/plan-exterieur-1140x760-1-768x512.jpg 768w\" sizes=\"auto, (max-width: 1140px) 100vw, 1140px\" \/><\/a><figcaption class=\"wp-element-caption\">1: Extrait d&rsquo;un plan r\u00e9alis\u00e9 par P. Michaux en 1998 \u00e0 partir<br>de la carte dress\u00e9e par l&rsquo;architecte Serge Paeme pour la Ville de Li\u00e8ge<br>Cliquez pour agrandir<\/figcaption><\/figure>\n\n\n\n<figure class=\"wp-block-table\"><table><tbody><tr><td>\n<h3><strong>III. Le foss\u00e9 de DL4<\/strong><\/h3>\n<\/td><\/tr><\/tbody><\/table><\/figure>\n\n\n\n<p><strong>BM42 \u2013 Habitation du concierge<\/strong><\/p>\n\n\n\n<p>Ce b\u00e2timent, construit avant la premi\u00e8re guerre mondiale, \u00e9tait le logement du concierge. Il a \u00e9t\u00e9 utilis\u00e9 comme tel jusqu\u2019en 1987 puis le Comit\u00e9 d\u2019Acquisition d\u2019Immeuble y a install\u00e9 une famille civile. Cette famille a \u00e9t\u00e9 expuls\u00e9e en 2008 par la Ville de Li\u00e8ge.<\/p>\n\n\n\n<figure class=\"wp-block-image aligncenter\"><a href=\"http:\/\/www.lachartreuse.org\/web\/wp-content\/uploads\/2018\/06\/fort-abandon2-photo2-1.jpg\"><img loading=\"lazy\" decoding=\"async\" width=\"2272\" height=\"1704\" src=\"http:\/\/www.lachartreuse.org\/web\/wp-content\/uploads\/2018\/06\/fort-abandon2-photo2-1.jpg\" alt=\"\" class=\"wp-image-3683\" srcset=\"http:\/\/www.lachartreuse.org\/web\/wp-content\/uploads\/2018\/06\/fort-abandon2-photo2-1.jpg 2272w, http:\/\/www.lachartreuse.org\/web\/wp-content\/uploads\/2018\/06\/fort-abandon2-photo2-1-300x225.jpg 300w, http:\/\/www.lachartreuse.org\/web\/wp-content\/uploads\/2018\/06\/fort-abandon2-photo2-1-1024x768.jpg 1024w, http:\/\/www.lachartreuse.org\/web\/wp-content\/uploads\/2018\/06\/fort-abandon2-photo2-1-768x576.jpg 768w, http:\/\/www.lachartreuse.org\/web\/wp-content\/uploads\/2018\/06\/fort-abandon2-photo2-1-1536x1152.jpg 1536w, http:\/\/www.lachartreuse.org\/web\/wp-content\/uploads\/2018\/06\/fort-abandon2-photo2-1-2048x1536.jpg 2048w\" sizes=\"auto, (max-width: 2272px) 100vw, 2272px\" \/><\/a><figcaption class=\"wp-element-caption\">2: BM42 &#8211; L&rsquo;habiation du concierge<br>Cliquez pour agrandir<\/figcaption><\/figure>\n\n\n\n<p>Le b\u00e2timent a \u00e9t\u00e9 d\u00e9moli par la Ville de Li\u00e8ge.<\/p>\n\n\n\n<p><strong>BM43 \u2013 Bureau de conciergerie<\/strong><\/p>\n\n\n\n<p>Ce b\u00e2timent a \u00e9t\u00e9 construit avant la premi\u00e8re guerre mondiale \u00e0 usage de bureau de conciergerie et d\u2019atelier. Il a \u00e9t\u00e9 utilis\u00e9 comme tel jusque l\u2019abandon du domaine par la D\u00e9fense puis par la famille occupant la conciergerie jusqu\u2019\u00e0 son expulsion en 2008.<\/p>\n\n\n\n<figure class=\"wp-block-image aligncenter\"><a href=\"http:\/\/www.lachartreuse.org\/web\/wp-content\/uploads\/2018\/06\/fort-abandon3-photo3.jpg\"><img loading=\"lazy\" decoding=\"async\" width=\"2272\" height=\"1704\" src=\"http:\/\/www.lachartreuse.org\/web\/wp-content\/uploads\/2018\/06\/fort-abandon3-photo3.jpg\" alt=\"\" class=\"wp-image-3686\" srcset=\"http:\/\/www.lachartreuse.org\/web\/wp-content\/uploads\/2018\/06\/fort-abandon3-photo3.jpg 2272w, http:\/\/www.lachartreuse.org\/web\/wp-content\/uploads\/2018\/06\/fort-abandon3-photo3-300x225.jpg 300w, http:\/\/www.lachartreuse.org\/web\/wp-content\/uploads\/2018\/06\/fort-abandon3-photo3-1024x768.jpg 1024w, http:\/\/www.lachartreuse.org\/web\/wp-content\/uploads\/2018\/06\/fort-abandon3-photo3-768x576.jpg 768w, http:\/\/www.lachartreuse.org\/web\/wp-content\/uploads\/2018\/06\/fort-abandon3-photo3-1536x1152.jpg 1536w, http:\/\/www.lachartreuse.org\/web\/wp-content\/uploads\/2018\/06\/fort-abandon3-photo3-2048x1536.jpg 2048w\" sizes=\"auto, (max-width: 2272px) 100vw, 2272px\" \/><\/a><figcaption class=\"wp-element-caption\">3: BM43 &#8211; Le bureau de la conciergerie<br>Cliquez pour agrandir[<\/figcaption><\/figure>\n\n\n\n<p>Le b\u00e2timent a \u00e9t\u00e9 d\u00e9moli par la Ville de Li\u00e8ge.<\/p>\n\n\n\n<p><strong>BM44 \u2013 Garage<\/strong><\/p>\n\n\n\n<p>Ce b\u00e2timent \u00e0 usage de garage a \u00e9t\u00e9 construit avant la premi\u00e8re guerre mondiale. Il a \u00e9t\u00e9 utilis\u00e9 comme tel jusque l\u2019abandon du domaine par la D\u00e9fense puis par la famille occupant la conciergerie jusqu\u2019\u00e0 son expulsion en 2008.<\/p>\n\n\n\n<figure class=\"wp-block-image aligncenter\"><a href=\"http:\/\/www.lachartreuse.org\/web\/wp-content\/uploads\/2018\/06\/fort-abandon3-photo4.jpg\"><img loading=\"lazy\" decoding=\"async\" width=\"2272\" height=\"1704\" src=\"http:\/\/www.lachartreuse.org\/web\/wp-content\/uploads\/2018\/06\/fort-abandon3-photo4.jpg\" alt=\"\" class=\"wp-image-3688\" srcset=\"http:\/\/www.lachartreuse.org\/web\/wp-content\/uploads\/2018\/06\/fort-abandon3-photo4.jpg 2272w, http:\/\/www.lachartreuse.org\/web\/wp-content\/uploads\/2018\/06\/fort-abandon3-photo4-300x225.jpg 300w, http:\/\/www.lachartreuse.org\/web\/wp-content\/uploads\/2018\/06\/fort-abandon3-photo4-1024x768.jpg 1024w, http:\/\/www.lachartreuse.org\/web\/wp-content\/uploads\/2018\/06\/fort-abandon3-photo4-768x576.jpg 768w, http:\/\/www.lachartreuse.org\/web\/wp-content\/uploads\/2018\/06\/fort-abandon3-photo4-1536x1152.jpg 1536w, http:\/\/www.lachartreuse.org\/web\/wp-content\/uploads\/2018\/06\/fort-abandon3-photo4-2048x1536.jpg 2048w\" sizes=\"auto, (max-width: 2272px) 100vw, 2272px\" \/><\/a><figcaption class=\"wp-element-caption\">4: BM44 &#8211; Garage<br>Cliquez pour agrandir<\/figcaption><\/figure>\n\n\n\n<p>Le b\u00e2timent a \u00e9t\u00e9 d\u00e9moli par la Ville de Li\u00e8ge.<\/p>\n\n\n\n<p><strong>BM45 \u2013 Garage<\/strong><\/p>\n\n\n\n<p>Ce b\u00e2timent \u00e0 usage de garage a \u00e9t\u00e9 construit avant la premi\u00e8re guerre mondiale. Il a \u00e9t\u00e9 utilis\u00e9 comme tel jusque l\u2019abandon du domaine par la D\u00e9fense puis par la famille occupant la conciergerie jusqu\u2019\u00e0 son expulsion en 2008.<\/p>\n\n\n\n<figure class=\"wp-block-image aligncenter\"><a href=\"http:\/\/www.lachartreuse.org\/web\/wp-content\/uploads\/2018\/06\/fort-abandon3-photo5.jpg\"><img loading=\"lazy\" decoding=\"async\" width=\"2272\" height=\"1704\" src=\"http:\/\/www.lachartreuse.org\/web\/wp-content\/uploads\/2018\/06\/fort-abandon3-photo5.jpg\" alt=\"\" class=\"wp-image-3690\" srcset=\"http:\/\/www.lachartreuse.org\/web\/wp-content\/uploads\/2018\/06\/fort-abandon3-photo5.jpg 2272w, http:\/\/www.lachartreuse.org\/web\/wp-content\/uploads\/2018\/06\/fort-abandon3-photo5-300x225.jpg 300w, http:\/\/www.lachartreuse.org\/web\/wp-content\/uploads\/2018\/06\/fort-abandon3-photo5-1024x768.jpg 1024w, http:\/\/www.lachartreuse.org\/web\/wp-content\/uploads\/2018\/06\/fort-abandon3-photo5-768x576.jpg 768w, http:\/\/www.lachartreuse.org\/web\/wp-content\/uploads\/2018\/06\/fort-abandon3-photo5-1536x1152.jpg 1536w, http:\/\/www.lachartreuse.org\/web\/wp-content\/uploads\/2018\/06\/fort-abandon3-photo5-2048x1536.jpg 2048w\" sizes=\"auto, (max-width: 2272px) 100vw, 2272px\" \/><\/a><figcaption class=\"wp-element-caption\">5: BM45 &#8211; Garage<br>Cliquez pour agrandir<\/figcaption><\/figure>\n\n\n\n<p>Le b\u00e2timent a \u00e9t\u00e9 d\u00e9moli par la Ville de Li\u00e8ge.<\/p>\n\n\n\n<p><strong>BM46 \u2013 Petit local \u00e0 usage inconnu<\/strong><\/p>\n\n\n\n<p>Nous ne connaissons pas l\u2019usage de ce petit local. Peut-\u00eatre \u00e9tait-il destin\u00e9 \u00e0 stocker du sel de d\u00e9neigement ou des huiles.<\/p>\n\n\n\n<figure class=\"wp-block-image aligncenter\"><a href=\"http:\/\/www.lachartreuse.org\/web\/wp-content\/uploads\/2018\/06\/fort-abandon3-photo6.jpg\"><img loading=\"lazy\" decoding=\"async\" width=\"2272\" height=\"1704\" src=\"http:\/\/www.lachartreuse.org\/web\/wp-content\/uploads\/2018\/06\/fort-abandon3-photo6.jpg\" alt=\"\" class=\"wp-image-3692\" srcset=\"http:\/\/www.lachartreuse.org\/web\/wp-content\/uploads\/2018\/06\/fort-abandon3-photo6.jpg 2272w, http:\/\/www.lachartreuse.org\/web\/wp-content\/uploads\/2018\/06\/fort-abandon3-photo6-300x225.jpg 300w, http:\/\/www.lachartreuse.org\/web\/wp-content\/uploads\/2018\/06\/fort-abandon3-photo6-1024x768.jpg 1024w, http:\/\/www.lachartreuse.org\/web\/wp-content\/uploads\/2018\/06\/fort-abandon3-photo6-768x576.jpg 768w, http:\/\/www.lachartreuse.org\/web\/wp-content\/uploads\/2018\/06\/fort-abandon3-photo6-1536x1152.jpg 1536w, http:\/\/www.lachartreuse.org\/web\/wp-content\/uploads\/2018\/06\/fort-abandon3-photo6-2048x1536.jpg 2048w\" sizes=\"auto, (max-width: 2272px) 100vw, 2272px\" \/><\/a><figcaption class=\"wp-element-caption\">6: BM46<br>Cliquez pour agrandir<\/figcaption><\/figure>\n\n\n\n<p>Le b\u00e2timent a \u00e9t\u00e9 d\u00e9moli par la Ville de Li\u00e8ge.<\/p>\n\n\n\n<p><strong>BM46b \u2013 Petit local \u00e0 usage inconnu<\/strong><\/p>\n\n\n\n<p>Nous ne connaissons pas l\u2019usage de ce petit local. Peut-\u00eatre \u00e9tait-il destin\u00e9 \u00e0 stocker du sel de d\u00e9neigement ou des huiles.<\/p>\n\n\n\n<figure class=\"wp-block-image aligncenter\"><a href=\"http:\/\/www.lachartreuse.org\/web\/wp-content\/uploads\/2018\/06\/fort-abandon3-photo7.jpg\"><img loading=\"lazy\" decoding=\"async\" width=\"1720\" height=\"1122\" src=\"http:\/\/www.lachartreuse.org\/web\/wp-content\/uploads\/2018\/06\/fort-abandon3-photo7.jpg\" alt=\"\" class=\"wp-image-3694\" srcset=\"http:\/\/www.lachartreuse.org\/web\/wp-content\/uploads\/2018\/06\/fort-abandon3-photo7.jpg 1720w, http:\/\/www.lachartreuse.org\/web\/wp-content\/uploads\/2018\/06\/fort-abandon3-photo7-300x196.jpg 300w, http:\/\/www.lachartreuse.org\/web\/wp-content\/uploads\/2018\/06\/fort-abandon3-photo7-1024x668.jpg 1024w, http:\/\/www.lachartreuse.org\/web\/wp-content\/uploads\/2018\/06\/fort-abandon3-photo7-768x501.jpg 768w, http:\/\/www.lachartreuse.org\/web\/wp-content\/uploads\/2018\/06\/fort-abandon3-photo7-1536x1002.jpg 1536w\" sizes=\"auto, (max-width: 1720px) 100vw, 1720px\" \/><\/a><figcaption class=\"wp-element-caption\">7: BM46b<br>Cliquez pour agrandir<\/figcaption><\/figure>\n\n\n\n<p>Le b\u00e2timent a \u00e9t\u00e9 d\u00e9moli par la Ville de Li\u00e8ge.<\/p>\n\n\n\n<figure class=\"wp-block-table\"><table><tbody><tr><td>\n<h3><strong>IV. Le foss\u00e9 de B4<\/strong><\/h3>\n<\/td><\/tr><\/tbody><\/table><\/figure>\n\n\n\n<p><strong>BM47 \u2013 Garage<\/strong><\/p>\n\n\n\n<p>Ce b\u00e2timent \u00e0 usage de garage a \u00e9t\u00e9 construit avant la premi\u00e8re guerre mondiale. Il a \u00e9t\u00e9 utilis\u00e9 comme tel jusque l\u2019abandon du domaine par la D\u00e9fense puis par la famille occupant la conciergerie jusqu\u2019\u00e0 son expulsion en 2008.<\/p>\n\n\n\n<figure class=\"wp-block-image aligncenter\"><a href=\"http:\/\/www.lachartreuse.org\/web\/wp-content\/uploads\/2018\/06\/fort-abandon3-photo8.jpg\"><img loading=\"lazy\" decoding=\"async\" width=\"1840\" height=\"1232\" src=\"http:\/\/www.lachartreuse.org\/web\/wp-content\/uploads\/2018\/06\/fort-abandon3-photo8.jpg\" alt=\"\" class=\"wp-image-3696\" srcset=\"http:\/\/www.lachartreuse.org\/web\/wp-content\/uploads\/2018\/06\/fort-abandon3-photo8.jpg 1840w, http:\/\/www.lachartreuse.org\/web\/wp-content\/uploads\/2018\/06\/fort-abandon3-photo8-300x201.jpg 300w, http:\/\/www.lachartreuse.org\/web\/wp-content\/uploads\/2018\/06\/fort-abandon3-photo8-1024x686.jpg 1024w, http:\/\/www.lachartreuse.org\/web\/wp-content\/uploads\/2018\/06\/fort-abandon3-photo8-768x514.jpg 768w, http:\/\/www.lachartreuse.org\/web\/wp-content\/uploads\/2018\/06\/fort-abandon3-photo8-1536x1028.jpg 1536w\" sizes=\"auto, (max-width: 1840px) 100vw, 1840px\" \/><\/a><figcaption class=\"wp-element-caption\">8: BM47 &#8211; Garage<br>Cliquez pour agrandir<\/figcaption><\/figure>\n\n\n\n<p>Le b\u00e2timent a \u00e9t\u00e9 d\u00e9moli par la Ville de Li\u00e8ge.<\/p>\n\n\n\n<p><strong>BM48 \u2013 Usage inconnu<\/strong><\/p>\n\n\n\n<p>Nous ne connaissons pas la fonction de ce b\u00e2timent vraisemblablement construit dans l\u2019entre-deux guerres et d\u00e9j\u00e0 \u00e0 l\u2019\u00e9tat de ruine compl\u00e8te avant la cr\u00e9ation de l\u2019ASBL \u00ab La Chartreuse.<\/p>\n\n\n\n<figure class=\"wp-block-image aligncenter\"><a href=\"http:\/\/www.lachartreuse.org\/web\/wp-content\/uploads\/2018\/06\/fort-abandon3-photo9.jpg\"><img loading=\"lazy\" decoding=\"async\" width=\"1840\" height=\"1232\" src=\"http:\/\/www.lachartreuse.org\/web\/wp-content\/uploads\/2018\/06\/fort-abandon3-photo9.jpg\" alt=\"\" class=\"wp-image-3697\" srcset=\"http:\/\/www.lachartreuse.org\/web\/wp-content\/uploads\/2018\/06\/fort-abandon3-photo9.jpg 1840w, http:\/\/www.lachartreuse.org\/web\/wp-content\/uploads\/2018\/06\/fort-abandon3-photo9-300x201.jpg 300w, http:\/\/www.lachartreuse.org\/web\/wp-content\/uploads\/2018\/06\/fort-abandon3-photo9-1024x686.jpg 1024w, http:\/\/www.lachartreuse.org\/web\/wp-content\/uploads\/2018\/06\/fort-abandon3-photo9-768x514.jpg 768w, http:\/\/www.lachartreuse.org\/web\/wp-content\/uploads\/2018\/06\/fort-abandon3-photo9-1536x1028.jpg 1536w\" sizes=\"auto, (max-width: 1840px) 100vw, 1840px\" \/><\/a><figcaption class=\"wp-element-caption\">9: BM48<br>Cliquez pour agrandir<\/figcaption><\/figure>\n\n\n\n<p>Les ruines sont toujours pr\u00e9sentes.<\/p>\n\n\n\n<p><strong>BM49 \u2013 Inconnu<\/strong><\/p>\n\n\n\n<p>Nous ne connaissons pas de BM49. Peut-\u00eatre est-ce la ruine qui se trouve derri\u00e8re BM48 et qui n\u2019a pas \u00e9t\u00e9 totalement \u00e9vacu\u00e9e.<\/p>\n\n\n\n<figure class=\"wp-block-table\"><table><tbody><tr><td>\n<h3><strong>V. DL4<\/strong><\/h3>\n<\/td><\/tr><\/tbody><\/table><\/figure>\n\n\n\n<p><strong>BM50 \u2013 Petit local<\/strong><\/p>\n\n\n\n<p>Nous ne connaissons pas l\u2019usage exact de ce petit local. Il a \u00e9t\u00e9 utilis\u00e9 par la D\u00e9fense jusqu\u2019\u00e0 l\u2019abandon du domaine puis par la famille occupante de BM42 jusqu\u2019\u00e0 son expulsion. Le b\u00e2timent a \u00e9t\u00e9 d\u00e9moli par la Ville de Li\u00e8ge.<\/p>\n\n\n\n<p><strong>BM51 \u2013 Petit local<\/strong><\/p>\n\n\n\n<p>Nous ne connaissons pas l\u2019usage exact de ce petit local. Il a \u00e9t\u00e9 utilis\u00e9 par la D\u00e9fense jusqu\u2019\u00e0 l\u2019abandon du domaine puis par la famille occupante de BM42 jusqu\u2019\u00e0 son expulsion. Le b\u00e2timent a \u00e9t\u00e9 d\u00e9moli par la Ville de Li\u00e8ge.<\/p>\n\n\n\n<p><strong>BM52 \u2013 Usage inconnu<\/strong><\/p>\n\n\n\n<p>Nous ne connaissons pas l\u2019usage exact de ce b\u00e2timent. Il est possible qu\u2019il ait servi de mess pour officiers mais sans certitude. Il a \u00e9t\u00e9 utilis\u00e9 par la D\u00e9fense jusqu\u2019\u00e0 l\u2019abandon du domaine puis par la famille occupante de BM42 jusqu\u2019\u00e0 son expulsion.<\/p>\n\n\n\n<p><strong>MB1\u2013MB2 \u2013 Magasins en bois<\/strong><\/p>\n\n\n\n<p>Nous ne connaissons pas la date de construction de ces magasins ni leur(s) usage(s). Ils ont \u00e9t\u00e9 d\u00e9molis par la Ville de Li\u00e8ge.<\/p>\n\n\n\n<figure class=\"wp-block-table\"><table><tbody><tr><td>\n<h3><strong>VI. Le glacis du B4<\/strong><\/h3>\n<\/td><\/tr><\/tbody><\/table><\/figure>\n\n\n\n<p><strong>MIR \u2013 Mirador<\/strong><\/p>\n\n\n\n<p>Cette fausse pile de pont a \u00e9t\u00e9 construite par les troupes du G\u00e9nie avant la premi\u00e8re guerre mondiale pour apprendre aux hommes \u00e0 placer des mines sur une pile de pont. Elle a ensuite servi de mirador pour les locaux \u00e0 munitions construits juste \u00e0 c\u00f4t\u00e9.<\/p>\n\n\n\n<figure class=\"wp-block-image aligncenter\"><a href=\"http:\/\/www.lachartreuse.org\/web\/wp-content\/uploads\/2018\/06\/fort-abandon3-photo10.jpg\"><img loading=\"lazy\" decoding=\"async\" width=\"1840\" height=\"1232\" src=\"http:\/\/www.lachartreuse.org\/web\/wp-content\/uploads\/2018\/06\/fort-abandon3-photo10.jpg\" alt=\"\" class=\"wp-image-3699\" srcset=\"http:\/\/www.lachartreuse.org\/web\/wp-content\/uploads\/2018\/06\/fort-abandon3-photo10.jpg 1840w, http:\/\/www.lachartreuse.org\/web\/wp-content\/uploads\/2018\/06\/fort-abandon3-photo10-300x201.jpg 300w, http:\/\/www.lachartreuse.org\/web\/wp-content\/uploads\/2018\/06\/fort-abandon3-photo10-1024x686.jpg 1024w, http:\/\/www.lachartreuse.org\/web\/wp-content\/uploads\/2018\/06\/fort-abandon3-photo10-768x514.jpg 768w, http:\/\/www.lachartreuse.org\/web\/wp-content\/uploads\/2018\/06\/fort-abandon3-photo10-1536x1028.jpg 1536w\" sizes=\"auto, (max-width: 1840px) 100vw, 1840px\" \/><\/a><figcaption class=\"wp-element-caption\">10: MIR &#8211; Mirador<br>Cliquez pour agrandir<\/figcaption><\/figure>\n\n\n\n<p><strong>MU1 \u00e0 MU3 Locaux \u00e0 munitions<\/strong><\/p>\n\n\n\n<p>Nous ne savons pas quand, mais vraisemblablement dans l\u2019entre-deux guerres, il a \u00e9t\u00e9 d\u00e9cid\u00e9 de ne plus stocker de munitions dans la caserne, pr\u00e8s des b\u00e2timents, et de cr\u00e9er des locaux \u00e0 munitions le plus loin possible des dits b\u00e2timents. Il a donc \u00e9t\u00e9 d\u00e9cid\u00e9 de construire ces poudri\u00e8res pr\u00e8s de la tour du g\u00e9nie, reconvertie pour ce faire en mirador. Nous ne savons pas quand ces locaux ont \u00e9t\u00e9 abandonn\u00e9s par la D\u00e9fense.<\/p>\n\n\n\n<p>Ils ont \u00e9t\u00e9 d\u00e9molis par la Ville de Li\u00e8ge.<\/p>\n\n\n\n<figure class=\"wp-block-table\"><table><tbody><tr><td>\n<h3><strong>VII. Les dalles<\/strong><\/h3>\n<\/td><\/tr><\/tbody><\/table><\/figure>\n\n\n\n<p><strong>H1 \u00e0 H6 \u2013 Hangars m\u00e9talliques<\/strong><\/p>\n\n\n\n<p>Ils ont \u00e9t\u00e9 construits par la D\u00e9fense, vraisemblablement dans l\u2019entre-deux guerres et ont \u00e9t\u00e9 utilis\u00e9s jusqu\u2019\u00e0 l\u2019abandon du domaine par la D\u00e9fense, en 1981.<\/p>\n\n\n\n<figure class=\"wp-block-image aligncenter\"><a href=\"http:\/\/www.lachartreuse.org\/web\/wp-content\/uploads\/2018\/06\/fort-abandon3-photo11.jpg\"><img loading=\"lazy\" decoding=\"async\" width=\"1840\" height=\"1232\" src=\"http:\/\/www.lachartreuse.org\/web\/wp-content\/uploads\/2018\/06\/fort-abandon3-photo11.jpg\" alt=\"\" class=\"wp-image-3701\" srcset=\"http:\/\/www.lachartreuse.org\/web\/wp-content\/uploads\/2018\/06\/fort-abandon3-photo11.jpg 1840w, http:\/\/www.lachartreuse.org\/web\/wp-content\/uploads\/2018\/06\/fort-abandon3-photo11-300x201.jpg 300w, http:\/\/www.lachartreuse.org\/web\/wp-content\/uploads\/2018\/06\/fort-abandon3-photo11-1024x686.jpg 1024w, http:\/\/www.lachartreuse.org\/web\/wp-content\/uploads\/2018\/06\/fort-abandon3-photo11-768x514.jpg 768w, http:\/\/www.lachartreuse.org\/web\/wp-content\/uploads\/2018\/06\/fort-abandon3-photo11-1536x1028.jpg 1536w\" sizes=\"auto, (max-width: 1840px) 100vw, 1840px\" \/><\/a><figcaption class=\"wp-element-caption\">11: H1-H6 &#8211; Les hangars m\u00e9talliques<br>Cliquez pour agrandir<\/figcaption><\/figure>\n\n\n\n<p>Ils ont \u00e9t\u00e9 d\u00e9molis par la Ville de Li\u00e8ge et les dalles ont \u00e9t\u00e9 am\u00e9nag\u00e9es dans le cadre de l\u2019op\u00e9ration \u00ab Value Added \u00bb en 2014.<\/p>\n\n\n\n<figure class=\"wp-block-image aligncenter\"><a href=\"http:\/\/www.lachartreuse.org\/web\/wp-content\/uploads\/2018\/06\/fort-abandon3-photo12.jpg\"><img loading=\"lazy\" decoding=\"async\" width=\"2048\" height=\"1365\" src=\"http:\/\/www.lachartreuse.org\/web\/wp-content\/uploads\/2018\/06\/fort-abandon3-photo12.jpg\" alt=\"\" class=\"wp-image-3733\" srcset=\"http:\/\/www.lachartreuse.org\/web\/wp-content\/uploads\/2018\/06\/fort-abandon3-photo12.jpg 2048w, http:\/\/www.lachartreuse.org\/web\/wp-content\/uploads\/2018\/06\/fort-abandon3-photo12-300x200.jpg 300w, http:\/\/www.lachartreuse.org\/web\/wp-content\/uploads\/2018\/06\/fort-abandon3-photo12-1024x683.jpg 1024w, http:\/\/www.lachartreuse.org\/web\/wp-content\/uploads\/2018\/06\/fort-abandon3-photo12-768x512.jpg 768w, http:\/\/www.lachartreuse.org\/web\/wp-content\/uploads\/2018\/06\/fort-abandon3-photo12-1536x1024.jpg 1536w\" sizes=\"auto, (max-width: 2048px) 100vw, 2048px\" \/><\/a><figcaption class=\"wp-element-caption\">12: H1-H6 &#8211; Les dalles am\u00e9nag\u00e9es<br>Cliquez pour agrandir<\/figcaption><\/figure>\n\n\n\n<p><strong>BM69 \u2013 Atelier, bureau<\/strong><\/p>\n\n\n\n<p>Nous ne connaissons pas l\u2019ann\u00e9e de construction de ce b\u00e2timent mais il date vraisemblablement de la m\u00eame \u00e9poque que les hangars m\u00e9talliques. L\u2019ASBL \u00ab Parc des Oblats \u00bb puis l\u2019ASBL \u00ab La Chartreuse \u00bb y ont organis\u00e9 le barbecue de l\u2019arv\u00f4 avec le Comit\u00e9 de Quartier de Bressoux Haut pendant quelques ann\u00e9es jusqu\u2019\u00e0 sa d\u00e9molition.<\/p>\n\n\n\n<figure class=\"wp-block-image aligncenter\"><a href=\"http:\/\/www.lachartreuse.org\/web\/wp-content\/uploads\/2018\/06\/fort-abandon3-photo13.jpg\"><img loading=\"lazy\" decoding=\"async\" width=\"1840\" height=\"1232\" src=\"http:\/\/www.lachartreuse.org\/web\/wp-content\/uploads\/2018\/06\/fort-abandon3-photo13.jpg\" alt=\"\" class=\"wp-image-3702\" srcset=\"http:\/\/www.lachartreuse.org\/web\/wp-content\/uploads\/2018\/06\/fort-abandon3-photo13.jpg 1840w, http:\/\/www.lachartreuse.org\/web\/wp-content\/uploads\/2018\/06\/fort-abandon3-photo13-300x201.jpg 300w, http:\/\/www.lachartreuse.org\/web\/wp-content\/uploads\/2018\/06\/fort-abandon3-photo13-1024x686.jpg 1024w, http:\/\/www.lachartreuse.org\/web\/wp-content\/uploads\/2018\/06\/fort-abandon3-photo13-768x514.jpg 768w, http:\/\/www.lachartreuse.org\/web\/wp-content\/uploads\/2018\/06\/fort-abandon3-photo13-1536x1028.jpg 1536w\" sizes=\"auto, (max-width: 1840px) 100vw, 1840px\" \/><\/a><figcaption class=\"wp-element-caption\">13: BM69 &#8211; Atelier<br>Cliquez pour agrandir<\/figcaption><\/figure>\n\n\n\n<p>Il a \u00e9t\u00e9 d\u00e9moli par la Ville de Li\u00e8ge.<\/p>\n\n\n\n<p><strong>BM69a \u2013 sanitaires<\/strong><\/p>\n\n\n\n<p>Il s\u2019agit des toilettes de BM69. Il a \u00e9t\u00e9 d\u00e9moli par la Ville de Li\u00e8ge.<\/p>\n\n\n\n<p><strong>BM70 \u2013 Chambre \u00e0 gaz<\/strong><\/p>\n\n\n\n<p>Nous ne connaissons pas la date de construction de ce b\u00e2timent. Il servait \u00e0 entra\u00eener les soldats \u00e0 l\u2019utilisation du masque anti-gaz. Nous ne savons pas non plus jusque quand il a \u00e9t\u00e9 utilis\u00e9. La ma\u00e7onnerie est encore en relatif bon \u00e9tat.<\/p>\n\n\n\n<figure class=\"wp-block-image aligncenter\"><a href=\"http:\/\/www.lachartreuse.org\/web\/wp-content\/uploads\/2018\/06\/fort-abandon3-photo14.jpg\"><img loading=\"lazy\" decoding=\"async\" width=\"1840\" height=\"1232\" src=\"http:\/\/www.lachartreuse.org\/web\/wp-content\/uploads\/2018\/06\/fort-abandon3-photo14.jpg\" alt=\"\" class=\"wp-image-3704\" srcset=\"http:\/\/www.lachartreuse.org\/web\/wp-content\/uploads\/2018\/06\/fort-abandon3-photo14.jpg 1840w, http:\/\/www.lachartreuse.org\/web\/wp-content\/uploads\/2018\/06\/fort-abandon3-photo14-300x201.jpg 300w, http:\/\/www.lachartreuse.org\/web\/wp-content\/uploads\/2018\/06\/fort-abandon3-photo14-1024x686.jpg 1024w, http:\/\/www.lachartreuse.org\/web\/wp-content\/uploads\/2018\/06\/fort-abandon3-photo14-768x514.jpg 768w, http:\/\/www.lachartreuse.org\/web\/wp-content\/uploads\/2018\/06\/fort-abandon3-photo14-1536x1028.jpg 1536w\" sizes=\"auto, (max-width: 1840px) 100vw, 1840px\" \/><\/a><figcaption class=\"wp-element-caption\">14: BM70 &#8211; Chambre \u00e0 gaz<br>Cliquez pour agrandir<\/figcaption><\/figure>\n\n\n\n<figure class=\"wp-block-table\"><table><tbody><tr><td>\n<h3><strong>VIII. DL5<\/strong><\/h3>\n<\/td><\/tr><\/tbody><\/table><\/figure>\n\n\n\n<p><strong>BM71 \u2013 Inconnu<\/strong><\/p>\n\n\n\n<p>Nous ne connaissons pas de BM71. Il s\u2019agit peut-\u00eatre d\u2019un stand de tir qui se trouvait dans DL5 mais que nous avons toujours connu d\u00e9truit depuis la cr\u00e9ation de l\u2019ASBL \u00ab La Chartreuse \u00bb.<\/p>\n\n\n\n<p><strong>BM72 \u2013 Sanitaires<\/strong><\/p>\n\n\n\n<p>Le long de la rue des Fusill\u00e9s et du thier de La Chartreuse, la D\u00e9fense a construit, apr\u00e8s le d\u00e9classement du fort et probablement apr\u00e8s la seconde guerre mondiale, des hangars m\u00e9talliques pour ses v\u00e9hicules. Elle a \u00e9galement construit un bloc sanitaire.<\/p>\n\n\n\n<figure class=\"wp-block-image aligncenter\"><a href=\"http:\/\/www.lachartreuse.org\/web\/wp-content\/uploads\/2018\/06\/fort-abandon3-photo15.jpg\"><img loading=\"lazy\" decoding=\"async\" width=\"1818\" height=\"1228\" src=\"http:\/\/www.lachartreuse.org\/web\/wp-content\/uploads\/2018\/06\/fort-abandon3-photo15.jpg\" alt=\"\" class=\"wp-image-3705\" srcset=\"http:\/\/www.lachartreuse.org\/web\/wp-content\/uploads\/2018\/06\/fort-abandon3-photo15.jpg 1818w, http:\/\/www.lachartreuse.org\/web\/wp-content\/uploads\/2018\/06\/fort-abandon3-photo15-300x203.jpg 300w, http:\/\/www.lachartreuse.org\/web\/wp-content\/uploads\/2018\/06\/fort-abandon3-photo15-1024x692.jpg 1024w, http:\/\/www.lachartreuse.org\/web\/wp-content\/uploads\/2018\/06\/fort-abandon3-photo15-768x519.jpg 768w, http:\/\/www.lachartreuse.org\/web\/wp-content\/uploads\/2018\/06\/fort-abandon3-photo15-1536x1038.jpg 1536w\" sizes=\"auto, (max-width: 1818px) 100vw, 1818px\" \/><\/a><figcaption class=\"wp-element-caption\">15: BM72 &#8211; Sanitaires<br>Cliquez pour agrandir<\/figcaption><\/figure>\n\n\n\n<p>Elle a d\u00e9moli les hangars dans les ann\u00e9es 60 et Matexi a d\u00e9moli le bloc sanitaire en 2006 ainsi que les dalles le long du thier de la Chartreuse.<\/p>\n\n\n\n<hr class=\"wp-block-separator has-alpha-channel-opacity\"\/>\n\n\n\n<p><strong>Pierre Michaux<\/strong><\/p>\n\n\n\n<p>&#8211;<\/p>\n<div class=\"pdfprnt-buttons pdfprnt-buttons-post pdfprnt-bottom-right\"><a href=\"http:\/\/www.lachartreuse.org\/web\/wp-json\/wp\/v2\/posts\/3580?print=pdf\" class=\"pdfprnt-button pdfprnt-button-pdf\" target=\"_blank\" ><img decoding=\"async\" src=\"http:\/\/www.lachartreuse.org\/web\/wp-content\/plugins\/pdf-print\/images\/pdf.png\" alt=\"image_pdf\" title=\"T\u00e9l\u00e9charger le PDF\" \/><\/a><a href=\"http:\/\/www.lachartreuse.org\/web\/wp-json\/wp\/v2\/posts\/3580?print=print\" class=\"pdfprnt-button pdfprnt-button-print\" target=\"_blank\" ><img decoding=\"async\" src=\"http:\/\/www.lachartreuse.org\/web\/wp-content\/plugins\/pdf-print\/images\/print.png\" alt=\"image_print\" title=\"Contenu imprim\u00e9\" \/><\/a><\/div>","protected":false},"excerpt":{"rendered":"<p>T\u00e9l\u00e9chargez la version PDF de cet article. Voir \u00e9galement:Le fort, du d\u00e9classement \u00e0 l\u2019abandon (1)Le fort, du d\u00e9classement \u00e0 l\u2019abandon (2) III. Le foss\u00e9 de DL4 BM42 \u2013 Habitation du concierge Ce b\u00e2timent, construit avant la premi\u00e8re guerre mondiale, \u00e9tait le logement du concierge. Il a \u00e9t\u00e9 utilis\u00e9 comme tel jusqu\u2019en 1987 puis le Comit\u00e9 [&hellip;]<\/p>\n","protected":false},"author":6,"featured_media":3738,"comment_status":"closed","ping_status":"open","sticky":false,"template":"","format":"standard","meta":{"_eb_attr":"","_uag_custom_page_level_css":"","site-sidebar-layout":"default","site-content-layout":"","ast-site-content-layout":"default","site-content-style":"default","site-sidebar-style":"default","ast-global-header-display":"","ast-banner-title-visibility":"","ast-main-header-display":"","ast-hfb-above-header-display":"","ast-hfb-below-header-display":"","ast-hfb-mobile-header-display":"","site-post-title":"","ast-breadcrumbs-content":"","ast-featured-img":"","footer-sml-layout":"","ast-disable-related-posts":"","theme-transparent-header-meta":"","adv-header-id-meta":"","stick-header-meta":"","header-above-stick-meta":"","header-main-stick-meta":"","header-below-stick-meta":"","astra-migrate-meta-layouts":"default","ast-page-background-enabled":"default","ast-page-background-meta":{"desktop":{"background-color":"var(--ast-global-color-4)","background-image":"","background-repeat":"repeat","background-position":"center center","background-size":"auto","background-attachment":"scroll","background-type":"","background-media":"","overlay-type":"","overlay-color":"","overlay-opacity":"","overlay-gradient":""},"tablet":{"background-color":"","background-image":"","background-repeat":"repeat","background-position":"center center","background-size":"auto","background-attachment":"scroll","background-type":"","background-media":"","overlay-type":"","overlay-color":"","overlay-opacity":"","overlay-gradient":""},"mobile":{"background-color":"","background-image":"","background-repeat":"repeat","background-position":"center center","background-size":"auto","background-attachment":"scroll","background-type":"","background-media":"","overlay-type":"","overlay-color":"","overlay-opacity":"","overlay-gradient":""}},"ast-content-background-meta":{"desktop":{"background-color":"var(--ast-global-color-5)","background-image":"","background-repeat":"repeat","background-position":"center center","background-size":"auto","background-attachment":"scroll","background-type":"","background-media":"","overlay-type":"","overlay-color":"","overlay-opacity":"","overlay-gradient":""},"tablet":{"background-color":"var(--ast-global-color-5)","background-image":"","background-repeat":"repeat","background-position":"center center","background-size":"auto","background-attachment":"scroll","background-type":"","background-media":"","overlay-type":"","overlay-color":"","overlay-opacity":"","overlay-gradient":""},"mobile":{"background-color":"var(--ast-global-color-5)","background-image":"","background-repeat":"repeat","background-position":"center center","background-size":"auto","background-attachment":"scroll","background-type":"","background-media":"","overlay-type":"","overlay-color":"","overlay-opacity":"","overlay-gradient":""}},"footnotes":""},"categories":[6,7],"tags":[],"class_list":["post-3580","post","type-post","status-publish","format-standard","has-post-thumbnail","hentry","category-a-la-une","category-au-fil-des-jours"],"featured_image_src":"http:\/\/www.lachartreuse.org\/web\/wp-content\/uploads\/2018\/06\/plan-exterieur-1.jpg","author_info":{"display_name":"Pierre Michaux","author_link":"http:\/\/www.lachartreuse.org\/web\/author\/pmichaux\/"},"uagb_featured_image_src":{"full":["http:\/\/www.lachartreuse.org\/web\/wp-content\/uploads\/2018\/06\/plan-exterieur-1.jpg",1730,1260,false],"thumbnail":["http:\/\/www.lachartreuse.org\/web\/wp-content\/uploads\/2018\/06\/plan-exterieur-1-150x150.jpg",150,150,true],"medium":["http:\/\/www.lachartreuse.org\/web\/wp-content\/uploads\/2018\/06\/plan-exterieur-1-300x218.jpg",300,218,true],"medium_large":["http:\/\/www.lachartreuse.org\/web\/wp-content\/uploads\/2018\/06\/plan-exterieur-1-768x559.jpg",768,559,true],"large":["http:\/\/www.lachartreuse.org\/web\/wp-content\/uploads\/2018\/06\/plan-exterieur-1-1024x746.jpg",1024,746,true],"1536x1536":["http:\/\/www.lachartreuse.org\/web\/wp-content\/uploads\/2018\/06\/plan-exterieur-1-1536x1119.jpg",1536,1119,true],"2048x2048":["http:\/\/www.lachartreuse.org\/web\/wp-content\/uploads\/2018\/06\/plan-exterieur-1.jpg",1730,1260,false]},"uagb_author_info":{"display_name":"Pierre Michaux","author_link":"http:\/\/www.lachartreuse.org\/web\/author\/pmichaux\/"},"uagb_comment_info":0,"uagb_excerpt":"T\u00e9l\u00e9chargez la version PDF de cet article. Voir \u00e9galement:Le fort, du d\u00e9classement \u00e0 l\u2019abandon (1)Le fort, du d\u00e9classement \u00e0 l\u2019abandon (2) III. Le foss\u00e9 de DL4 BM42 \u2013 Habitation du concierge Ce b\u00e2timent, construit avant la premi\u00e8re guerre mondiale, \u00e9tait le logement du concierge. Il a \u00e9t\u00e9 utilis\u00e9 comme tel jusqu\u2019en 1987 puis le Comit\u00e9\u2026","_links":{"self":[{"href":"http:\/\/www.lachartreuse.org\/web\/wp-json\/wp\/v2\/posts\/3580","targetHints":{"allow":["GET"]}}],"collection":[{"href":"http:\/\/www.lachartreuse.org\/web\/wp-json\/wp\/v2\/posts"}],"about":[{"href":"http:\/\/www.lachartreuse.org\/web\/wp-json\/wp\/v2\/types\/post"}],"author":[{"embeddable":true,"href":"http:\/\/www.lachartreuse.org\/web\/wp-json\/wp\/v2\/users\/6"}],"replies":[{"embeddable":true,"href":"http:\/\/www.lachartreuse.org\/web\/wp-json\/wp\/v2\/comments?post=3580"}],"version-history":[{"count":1,"href":"http:\/\/www.lachartreuse.org\/web\/wp-json\/wp\/v2\/posts\/3580\/revisions"}],"predecessor-version":[{"id":29175,"href":"http:\/\/www.lachartreuse.org\/web\/wp-json\/wp\/v2\/posts\/3580\/revisions\/29175"}],"wp:featuredmedia":[{"embeddable":true,"href":"http:\/\/www.lachartreuse.org\/web\/wp-json\/wp\/v2\/media\/3738"}],"wp:attachment":[{"href":"http:\/\/www.lachartreuse.org\/web\/wp-json\/wp\/v2\/media?parent=3580"}],"wp:term":[{"taxonomy":"category","embeddable":true,"href":"http:\/\/www.lachartreuse.org\/web\/wp-json\/wp\/v2\/categories?post=3580"},{"taxonomy":"post_tag","embeddable":true,"href":"http:\/\/www.lachartreuse.org\/web\/wp-json\/wp\/v2\/tags?post=3580"}],"curies":[{"name":"wp","href":"https:\/\/api.w.org\/{rel}","templated":true}]}}