{"id":3496,"date":"2018-06-25T00:45:16","date_gmt":"2018-06-24T22:45:16","guid":{"rendered":"http:\/\/www.lachartreuse.org\/web\/?p=3496"},"modified":"2023-08-04T19:50:47","modified_gmt":"2023-08-04T17:50:47","slug":"le-fort-du-declassement-a-labandon-2","status":"publish","type":"post","link":"http:\/\/www.lachartreuse.org\/web\/le-fort-du-declassement-a-labandon-2\/","title":{"rendered":"Le fort, du d\u00e9classement \u00e0 l&rsquo;abandon (2)"},"content":{"rendered":"\n<p><strong><a href=\"https:\/\/www.dropbox.com\/s\/b920c6ss6g7dlgj\/le-fort-du-declassement-a-labandon-2.pdf?raw=1\">T\u00e9l\u00e9chargez la version PDF de cet article.<\/a><\/strong><\/p>\n\n\n\n<p>Voir \u00e9galement:<br>\n<a href=\"http:\/\/www.lachartreuse.org\/web\/le-fort-du-declassement-a-labandon-1\/\">Le fort, du d\u00e9classement \u00e0 l\u2019abandon (1)<\/a><br>\n<a href=\"http:\/\/www.lachartreuse.org\/web\/le-fort-du-declassement-a-labandon-3\/\">Le fort, du d\u00e9classement \u00e0 l\u2019abandon (3)<\/a><\/p>\n\n\n\n<figure class=\"wp-block-table\"><table><tbody><tr><td>\n<h3><strong>II. Le corps de place<\/strong><\/h3>\n<\/td><\/tr><\/tbody><\/table><\/figure>\n\n\n\n<figure class=\"wp-block-image aligncenter\"><a href=\"http:\/\/www.lachartreuse.org\/web\/wp-content\/uploads\/2018\/06\/plan-corps-1.jpg\"><img loading=\"lazy\" decoding=\"async\" width=\"1530\" height=\"1080\" src=\"http:\/\/www.lachartreuse.org\/web\/wp-content\/uploads\/2018\/06\/plan-corps-1.jpg\" alt=\"\" class=\"wp-image-3679\" srcset=\"http:\/\/www.lachartreuse.org\/web\/wp-content\/uploads\/2018\/06\/plan-corps-1.jpg 1530w, http:\/\/www.lachartreuse.org\/web\/wp-content\/uploads\/2018\/06\/plan-corps-1-300x212.jpg 300w, http:\/\/www.lachartreuse.org\/web\/wp-content\/uploads\/2018\/06\/plan-corps-1-1024x723.jpg 1024w, http:\/\/www.lachartreuse.org\/web\/wp-content\/uploads\/2018\/06\/plan-corps-1-768x542.jpg 768w\" sizes=\"auto, (max-width: 1530px) 100vw, 1530px\" \/><\/a><figcaption class=\"wp-element-caption\">1: Extrait d&rsquo;un plan r\u00e9alis\u00e9 par P. Michaux en 1998 \u00e0 partir de la carte dress\u00e9e par l&rsquo;architecte Serge Paeme pour la Ville de Li\u00e8ge<br>Cliquez pour agrandir<\/figcaption><\/figure>\n\n\n\n<p><strong>BM16 \u2013 Hangar m\u00e9tallique<\/strong><\/p>\n\n\n\n<p>Lorsque le fort a \u00e9t\u00e9 d\u00e9class\u00e9 en 1891, des \u00e9curies au nombre de huit et deux man\u00e8ges ont \u00e9t\u00e9 construits. Nous ne savons pas \u00e0 quelle \u00e9poque mais c\u2019\u00e9tait apr\u00e8s 1891. Ces \u00e9curies \u00e9taient vraisemblablement num\u00e9rot\u00e9es BM26 \u00e0 BM31.<\/p>\n\n\n\n<p>Six de ces \u00e9curies ont \u00e9t\u00e9 d\u00e9molies et un hangar m\u00e9tallique a pris la place de deux d\u2019entre elles, pr\u00e8s du BM40 dont il sera question plus tard. Le reste a servi de parking et d\u2019acc\u00e8s au BM32a, le poste \u00e0 carburant.<\/p>\n\n\n\n<figure class=\"wp-block-image aligncenter\"><a href=\"http:\/\/www.lachartreuse.org\/web\/wp-content\/uploads\/2018\/06\/fort-abandon2-photo2.jpg\"><img loading=\"lazy\" decoding=\"async\" width=\"1840\" height=\"1232\" src=\"http:\/\/www.lachartreuse.org\/web\/wp-content\/uploads\/2018\/06\/fort-abandon2-photo2.jpg\" alt=\"\" class=\"wp-image-3572\" srcset=\"http:\/\/www.lachartreuse.org\/web\/wp-content\/uploads\/2018\/06\/fort-abandon2-photo2.jpg 1840w, http:\/\/www.lachartreuse.org\/web\/wp-content\/uploads\/2018\/06\/fort-abandon2-photo2-300x201.jpg 300w, http:\/\/www.lachartreuse.org\/web\/wp-content\/uploads\/2018\/06\/fort-abandon2-photo2-1024x686.jpg 1024w, http:\/\/www.lachartreuse.org\/web\/wp-content\/uploads\/2018\/06\/fort-abandon2-photo2-768x514.jpg 768w, http:\/\/www.lachartreuse.org\/web\/wp-content\/uploads\/2018\/06\/fort-abandon2-photo2-1536x1028.jpg 1536w\" sizes=\"auto, (max-width: 1840px) 100vw, 1840px\" \/><\/a><figcaption class=\"wp-element-caption\">2: BM16 &#8211; Le hangar m\u00e9tallique<br>Cliquez pour agrandir<\/figcaption><\/figure>\n\n\n\n<p>Deux autres \u00e9curies, BM24 et BM25, ont \u00e9t\u00e9 transform\u00e9es en cuisine et en mess. Il en sera question plus tard. Le hangar m\u00e9tallique a \u00e9t\u00e9 d\u00e9moli par Matexi en 2006.<\/p>\n\n\n\n<p><strong>BM17b \u2013 Le central t\u00e9l\u00e9phonique fortifi\u00e9<\/strong><\/p>\n\n\n\n<p>Au d\u00e9classement du fort en 1891, les poternes n\u2019\u00e9taient plus utiles comme passages. Elles ont donc \u00e9t\u00e9 abandonn\u00e9es. Cependant, en 1938, lorsqu\u2019il a \u00e9t\u00e9 question de cr\u00e9er un central t\u00e9l\u00e9phonique fortifi\u00e9, on s\u2019est souvenu de la poterne de DL5 qui \u00e9tait enterr\u00e9e. On a donc d\u00e9cid\u00e9 de la fermer le d\u00e9bouch\u00e9 du foss\u00e9, de percer des fen\u00eatres blind\u00e9es \u00e0 la place des meurtri\u00e8res et de placer une porte blind\u00e9e et une porte anti gaz \u00e0 l\u2019entr\u00e9e c\u00f4t\u00e9 corps de place.<\/p>\n\n\n\n<p>Un central t\u00e9l\u00e9phonique (en r\u00e9alit\u00e9, une baie de brassage) a \u00e9t\u00e9 install\u00e9 dans le local de coffre droit et un ventilateur manuel dans le local de coffre gauche. Il n\u2019y avait pas de syst\u00e8me \u00e9lectrique de purification de l\u2019air.<\/p>\n\n\n\n<figure class=\"wp-block-image aligncenter\"><a href=\"http:\/\/www.lachartreuse.org\/web\/wp-content\/uploads\/2018\/06\/fort-abandon2-photo3.jpg\"><img loading=\"lazy\" decoding=\"async\" width=\"1840\" height=\"1232\" src=\"http:\/\/www.lachartreuse.org\/web\/wp-content\/uploads\/2018\/06\/fort-abandon2-photo3.jpg\" alt=\"\" class=\"wp-image-3585\" srcset=\"http:\/\/www.lachartreuse.org\/web\/wp-content\/uploads\/2018\/06\/fort-abandon2-photo3.jpg 1840w, http:\/\/www.lachartreuse.org\/web\/wp-content\/uploads\/2018\/06\/fort-abandon2-photo3-300x201.jpg 300w, http:\/\/www.lachartreuse.org\/web\/wp-content\/uploads\/2018\/06\/fort-abandon2-photo3-1024x686.jpg 1024w, http:\/\/www.lachartreuse.org\/web\/wp-content\/uploads\/2018\/06\/fort-abandon2-photo3-768x514.jpg 768w, http:\/\/www.lachartreuse.org\/web\/wp-content\/uploads\/2018\/06\/fort-abandon2-photo3-1536x1028.jpg 1536w\" sizes=\"auto, (max-width: 1840px) 100vw, 1840px\" \/><\/a><figcaption class=\"wp-element-caption\">3: BM17b &#8211; Le central t\u00e9l\u00e9phonique fortifi\u00e9<br>Cliquez pour agrandir<\/figcaption><\/figure>\n\n\n\n<figure class=\"wp-block-image aligncenter\"><a href=\"http:\/\/www.lachartreuse.org\/web\/wp-content\/uploads\/2018\/06\/fort-abandon2-photo4.jpg\"><img loading=\"lazy\" decoding=\"async\" width=\"1748\" height=\"1216\" src=\"http:\/\/www.lachartreuse.org\/web\/wp-content\/uploads\/2018\/06\/fort-abandon2-photo4.jpg\" alt=\"\" class=\"wp-image-3586\" srcset=\"http:\/\/www.lachartreuse.org\/web\/wp-content\/uploads\/2018\/06\/fort-abandon2-photo4.jpg 1748w, http:\/\/www.lachartreuse.org\/web\/wp-content\/uploads\/2018\/06\/fort-abandon2-photo4-300x209.jpg 300w, http:\/\/www.lachartreuse.org\/web\/wp-content\/uploads\/2018\/06\/fort-abandon2-photo4-1024x712.jpg 1024w, http:\/\/www.lachartreuse.org\/web\/wp-content\/uploads\/2018\/06\/fort-abandon2-photo4-768x534.jpg 768w, http:\/\/www.lachartreuse.org\/web\/wp-content\/uploads\/2018\/06\/fort-abandon2-photo4-1536x1069.jpg 1536w\" sizes=\"auto, (max-width: 1748px) 100vw, 1748px\" \/><\/a><figcaption class=\"wp-element-caption\">4:BM17b &#8211; Le central t\u00e9l\u00e9phonique fortifi\u00e9 &#8211; Photo Milou Coenen<br>Cliquez pour agrandir<\/figcaption><\/figure>\n\n\n\n<p>La baie de brassage et les coffrets \u00e9lectriques ont \u00e9t\u00e9 vol\u00e9s il y a quelques ann\u00e9es. Nous sommes toujours \u00e0 leur recherche.<\/p>\n\n\n\n<p><strong>BM18 \u2013 Cuisine, r\u00e9fectoire, douches<\/strong><\/p>\n\n\n\n<p>Ce b\u00e2timent est le dernier construit, en 1956. Il remplace manifestement d\u2019autres b\u00e2timents pr\u00e9c\u00e9dents mais nous ne savons pas lesquels.<\/p>\n\n\n\n<p>Ce b\u00e2timent a \u00e9t\u00e9 utilis\u00e9 jusqu\u2019en 1981, date d\u2019abandon du domaine.<\/p>\n\n\n\n<figure class=\"wp-block-image aligncenter\"><a href=\"http:\/\/www.lachartreuse.org\/web\/wp-content\/uploads\/2018\/06\/fort-abandon2-photo5.jpg\"><img loading=\"lazy\" decoding=\"async\" width=\"1840\" height=\"1232\" src=\"http:\/\/www.lachartreuse.org\/web\/wp-content\/uploads\/2018\/06\/fort-abandon2-photo5.jpg\" alt=\"\" class=\"wp-image-3589\" srcset=\"http:\/\/www.lachartreuse.org\/web\/wp-content\/uploads\/2018\/06\/fort-abandon2-photo5.jpg 1840w, http:\/\/www.lachartreuse.org\/web\/wp-content\/uploads\/2018\/06\/fort-abandon2-photo5-300x201.jpg 300w, http:\/\/www.lachartreuse.org\/web\/wp-content\/uploads\/2018\/06\/fort-abandon2-photo5-1024x686.jpg 1024w, http:\/\/www.lachartreuse.org\/web\/wp-content\/uploads\/2018\/06\/fort-abandon2-photo5-768x514.jpg 768w, http:\/\/www.lachartreuse.org\/web\/wp-content\/uploads\/2018\/06\/fort-abandon2-photo5-1536x1028.jpg 1536w\" sizes=\"auto, (max-width: 1840px) 100vw, 1840px\" \/><\/a><figcaption class=\"wp-element-caption\">5: BM18 &#8211; Cuisine et r\u00e9fectoire<br>Cliquez pour agrandir<\/figcaption><\/figure>\n\n\n\n<p><strong>Corps de garde de l\u2019entr\u00e9e secondaire (sans num\u00e9ro)<\/strong><\/p>\n\n\n\n<p>Lors du percement de l\u2019entr\u00e9e secondaire, en 1938, un petit corps de garde a \u00e9t\u00e9 r\u00e9alis\u00e9 dans le mur de rempart. Il a \u00e9t\u00e9 utilis\u00e9 jusqu\u2019\u00e0 l\u2019abandon du domaine, en 1981.<\/p>\n\n\n\n<figure class=\"wp-block-image aligncenter\"><a href=\"http:\/\/www.lachartreuse.org\/web\/wp-content\/uploads\/2018\/06\/fort-abandon2-photo6.jpg\"><img loading=\"lazy\" decoding=\"async\" width=\"2048\" height=\"1365\" src=\"http:\/\/www.lachartreuse.org\/web\/wp-content\/uploads\/2018\/06\/fort-abandon2-photo6.jpg\" alt=\"\" class=\"wp-image-3724\" srcset=\"http:\/\/www.lachartreuse.org\/web\/wp-content\/uploads\/2018\/06\/fort-abandon2-photo6.jpg 2048w, http:\/\/www.lachartreuse.org\/web\/wp-content\/uploads\/2018\/06\/fort-abandon2-photo6-300x200.jpg 300w, http:\/\/www.lachartreuse.org\/web\/wp-content\/uploads\/2018\/06\/fort-abandon2-photo6-1024x683.jpg 1024w, http:\/\/www.lachartreuse.org\/web\/wp-content\/uploads\/2018\/06\/fort-abandon2-photo6-768x512.jpg 768w, http:\/\/www.lachartreuse.org\/web\/wp-content\/uploads\/2018\/06\/fort-abandon2-photo6-1536x1024.jpg 1536w\" sizes=\"auto, (max-width: 2048px) 100vw, 2048px\" \/><\/a><figcaption class=\"wp-element-caption\">6: Corps de garde de l\u2019entr\u00e9e secondaire<br>Cliquez pour agrandir<\/figcaption><\/figure>\n\n\n\n<p><strong>Cabine \u00e9lectrique de t\u00eate<\/strong><\/p>\n\n\n\n<p>Lorsque La Chartreuse a \u00e9t\u00e9 raccord\u00e9e \u00e0 la haute tension, en 1938, un petit terrain a \u00e9t\u00e9 conc\u00e9d\u00e9 \u00e0 l\u2019Association Li\u00e9geoise d\u2019Electricit\u00e9 afin qu\u2019elle y construise une cabine \u00e9lectrique \u00e0 deux locaux, un pour son usage et un pour fournir l\u2019\u00e9lectricit\u00e9 \u00e0 la caserne. Cette cabine a \u00e9t\u00e9 utilis\u00e9e jusqu\u2019en 1988 par la D\u00e9fense puis entre 1988 et 2002 par l\u2019ASBL \u00ab La Chartreuse \u00bb, jusqu\u2019\u00e0 son expulsion par la D\u00e9fense sous un pr\u00e9texte fallacieux.<\/p>\n\n\n\n<figure class=\"wp-block-image aligncenter\"><a href=\"http:\/\/www.lachartreuse.org\/web\/wp-content\/uploads\/2018\/06\/fort-abandon2-photo7.jpg\"><img loading=\"lazy\" decoding=\"async\" width=\"2048\" height=\"1365\" src=\"http:\/\/www.lachartreuse.org\/web\/wp-content\/uploads\/2018\/06\/fort-abandon2-photo7.jpg\" alt=\"\" class=\"wp-image-3725\" srcset=\"http:\/\/www.lachartreuse.org\/web\/wp-content\/uploads\/2018\/06\/fort-abandon2-photo7.jpg 2048w, http:\/\/www.lachartreuse.org\/web\/wp-content\/uploads\/2018\/06\/fort-abandon2-photo7-300x200.jpg 300w, http:\/\/www.lachartreuse.org\/web\/wp-content\/uploads\/2018\/06\/fort-abandon2-photo7-1024x683.jpg 1024w, http:\/\/www.lachartreuse.org\/web\/wp-content\/uploads\/2018\/06\/fort-abandon2-photo7-768x512.jpg 768w, http:\/\/www.lachartreuse.org\/web\/wp-content\/uploads\/2018\/06\/fort-abandon2-photo7-1536x1024.jpg 1536w\" sizes=\"auto, (max-width: 2048px) 100vw, 2048px\" \/><\/a><figcaption class=\"wp-element-caption\">7: Cabine de t\u00eate<br>Cliquez pour agrandir<\/figcaption><\/figure>\n\n\n\n<p><strong>BM19 \u2013 Caserne<\/strong><\/p>\n\n\n\n<p>Construit en 1939, ce b\u00e2timent a \u00e9t\u00e9 termin\u00e9 par l\u2019arm\u00e9e allemande en 1940. Il a notamment servi \u00e0 l\u2019arm\u00e9e allemande comme base arri\u00e8re pour des canons anti-a\u00e9riens qui se trouvaient sur la plaine de Belleflamme. Apr\u00e8s le d\u00e9part de la D\u00e9fense, il a encore servi jusqu\u2019en 1988 \u00e0 une \u00e9cole pour enfants handicap\u00e9s.<\/p>\n\n\n\n<figure class=\"wp-block-image aligncenter\"><a href=\"http:\/\/www.lachartreuse.org\/web\/wp-content\/uploads\/2018\/06\/fort-abandon2-photo8.jpg\"><img loading=\"lazy\" decoding=\"async\" width=\"1840\" height=\"1232\" src=\"http:\/\/www.lachartreuse.org\/web\/wp-content\/uploads\/2018\/06\/fort-abandon2-photo8.jpg\" alt=\"\" class=\"wp-image-3592\" srcset=\"http:\/\/www.lachartreuse.org\/web\/wp-content\/uploads\/2018\/06\/fort-abandon2-photo8.jpg 1840w, http:\/\/www.lachartreuse.org\/web\/wp-content\/uploads\/2018\/06\/fort-abandon2-photo8-300x201.jpg 300w, http:\/\/www.lachartreuse.org\/web\/wp-content\/uploads\/2018\/06\/fort-abandon2-photo8-1024x686.jpg 1024w, http:\/\/www.lachartreuse.org\/web\/wp-content\/uploads\/2018\/06\/fort-abandon2-photo8-768x514.jpg 768w, http:\/\/www.lachartreuse.org\/web\/wp-content\/uploads\/2018\/06\/fort-abandon2-photo8-1536x1028.jpg 1536w\" sizes=\"auto, (max-width: 1840px) 100vw, 1840px\" \/><\/a><figcaption class=\"wp-element-caption\">8: BM19 &#8211; Caserne<br>Cliquez pour agrandir<\/figcaption><\/figure>\n\n\n\n<p><strong>BM19a \u2013 Sanitaires<\/strong><\/p>\n\n\n\n<p>Ce petit b\u00e2timent \u00e9tait le bloc de toilettes du BM19. Il y avait quatre toilettes par \u00e9tage du BM19 mais elles \u00e9taient interdites \u00e0 la troupe. Il a \u00e9t\u00e9 abandonn\u00e9 lui aussi en 1981.<\/p>\n\n\n\n<p><strong>BM20 \u2013 Caserne<\/strong><\/p>\n\n\n\n<p>Comme le BM19, le BM20 a \u00e9t\u00e9 construit en 1939 et termin\u00e9 en 1940 par l\u2019arm\u00e9e allemande. Il a \u00e9t\u00e9 utilis\u00e9 par l\u2019arm\u00e9e belge jusqu\u2019\u00e0 l\u2019abandon du domaine par la D\u00e9fense en 1981.<\/p>\n\n\n\n<figure class=\"wp-block-image aligncenter\"><a href=\"http:\/\/www.lachartreuse.org\/web\/wp-content\/uploads\/2018\/06\/fort-abandon2-photo9.jpg\"><img loading=\"lazy\" decoding=\"async\" width=\"1840\" height=\"1232\" src=\"http:\/\/www.lachartreuse.org\/web\/wp-content\/uploads\/2018\/06\/fort-abandon2-photo9.jpg\" alt=\"\" class=\"wp-image-3602\" srcset=\"http:\/\/www.lachartreuse.org\/web\/wp-content\/uploads\/2018\/06\/fort-abandon2-photo9.jpg 1840w, http:\/\/www.lachartreuse.org\/web\/wp-content\/uploads\/2018\/06\/fort-abandon2-photo9-300x201.jpg 300w, http:\/\/www.lachartreuse.org\/web\/wp-content\/uploads\/2018\/06\/fort-abandon2-photo9-1024x686.jpg 1024w, http:\/\/www.lachartreuse.org\/web\/wp-content\/uploads\/2018\/06\/fort-abandon2-photo9-768x514.jpg 768w, http:\/\/www.lachartreuse.org\/web\/wp-content\/uploads\/2018\/06\/fort-abandon2-photo9-1536x1028.jpg 1536w\" sizes=\"auto, (max-width: 1840px) 100vw, 1840px\" \/><\/a><figcaption class=\"wp-element-caption\">9: BM20 &#8211; Caserne<br>Cliquez pour agrandir<\/figcaption><\/figure>\n\n\n\n<p><strong>BM20a \u2013 Sanitaires<\/strong><\/p>\n\n\n\n<p>Comme les toilettes du BM19, il a \u00e9t\u00e9 construit en 1939 et utilis\u00e9 jusqu\u2019en 1981, \u00e0 l\u2019abandon du domaine.<\/p>\n\n\n\n<figure class=\"wp-block-image aligncenter\"><a href=\"http:\/\/www.lachartreuse.org\/web\/wp-content\/uploads\/2018\/06\/fort-abandon2-photo10.jpg\"><img loading=\"lazy\" decoding=\"async\" width=\"1840\" height=\"1232\" src=\"http:\/\/www.lachartreuse.org\/web\/wp-content\/uploads\/2018\/06\/fort-abandon2-photo10.jpg\" alt=\"\" class=\"wp-image-3603\" srcset=\"http:\/\/www.lachartreuse.org\/web\/wp-content\/uploads\/2018\/06\/fort-abandon2-photo10.jpg 1840w, http:\/\/www.lachartreuse.org\/web\/wp-content\/uploads\/2018\/06\/fort-abandon2-photo10-300x201.jpg 300w, http:\/\/www.lachartreuse.org\/web\/wp-content\/uploads\/2018\/06\/fort-abandon2-photo10-1024x686.jpg 1024w, http:\/\/www.lachartreuse.org\/web\/wp-content\/uploads\/2018\/06\/fort-abandon2-photo10-768x514.jpg 768w, http:\/\/www.lachartreuse.org\/web\/wp-content\/uploads\/2018\/06\/fort-abandon2-photo10-1536x1028.jpg 1536w\" sizes=\"auto, (max-width: 1840px) 100vw, 1840px\" \/><\/a><figcaption class=\"wp-element-caption\">10: BM20a &#8211; Sanitaires<br>Cliquez pour agrandir<\/figcaption><\/figure>\n\n\n\n<p><strong>BM21 \u2013 Poste de commandement fortifi\u00e9<\/strong><\/p>\n\n\n\n<p>En 1938, outre le central t\u00e9l\u00e9phonique fortifi\u00e9, on a construit un poste de commandement fortifi\u00e9, dans la poterne de DL2 Ce poste de commandement a \u00e9t\u00e9 r\u00e9alis\u00e9 dans la poterne mais un fortin ext\u00e9rieur a \u00e9galement \u00e9t\u00e9 construit. Il \u00e9tait \u00e9quip\u00e9 d\u2019un syst\u00e8me d\u2019\u00e9puration \u00e9lectrique et manuel. Il a \u00e9t\u00e9 abandonn\u00e9 d\u00e8s les premiers jours du conflit et n\u2019a jamais \u00e9t\u00e9 r\u00e9utilis\u00e9 apr\u00e8s la guerre.<\/p>\n\n\n\n<figure class=\"wp-block-image aligncenter\"><a href=\"http:\/\/www.lachartreuse.org\/web\/wp-content\/uploads\/2018\/06\/fort-abandon2-photo11.jpg\"><img loading=\"lazy\" decoding=\"async\" width=\"1818\" height=\"1228\" src=\"http:\/\/www.lachartreuse.org\/web\/wp-content\/uploads\/2018\/06\/fort-abandon2-photo11.jpg\" alt=\"\" class=\"wp-image-3618\" srcset=\"http:\/\/www.lachartreuse.org\/web\/wp-content\/uploads\/2018\/06\/fort-abandon2-photo11.jpg 1818w, http:\/\/www.lachartreuse.org\/web\/wp-content\/uploads\/2018\/06\/fort-abandon2-photo11-300x203.jpg 300w, http:\/\/www.lachartreuse.org\/web\/wp-content\/uploads\/2018\/06\/fort-abandon2-photo11-1024x692.jpg 1024w, http:\/\/www.lachartreuse.org\/web\/wp-content\/uploads\/2018\/06\/fort-abandon2-photo11-768x519.jpg 768w, http:\/\/www.lachartreuse.org\/web\/wp-content\/uploads\/2018\/06\/fort-abandon2-photo11-1536x1038.jpg 1536w\" sizes=\"auto, (max-width: 1818px) 100vw, 1818px\" \/><\/a><figcaption class=\"wp-element-caption\">11: BM21 &#8211; Poste de commandement fortifi\u00e9<br>Cliquez pour agrandir<\/figcaption><\/figure>\n\n\n\n<figure class=\"wp-block-image aligncenter\"><a href=\"http:\/\/www.lachartreuse.org\/web\/wp-content\/uploads\/2018\/06\/fort-abandon2-photo12.jpg\"><img loading=\"lazy\" decoding=\"async\" width=\"1723\" height=\"1198\" src=\"http:\/\/www.lachartreuse.org\/web\/wp-content\/uploads\/2018\/06\/fort-abandon2-photo12.jpg\" alt=\"\" class=\"wp-image-3620\" srcset=\"http:\/\/www.lachartreuse.org\/web\/wp-content\/uploads\/2018\/06\/fort-abandon2-photo12.jpg 1723w, http:\/\/www.lachartreuse.org\/web\/wp-content\/uploads\/2018\/06\/fort-abandon2-photo12-300x209.jpg 300w, http:\/\/www.lachartreuse.org\/web\/wp-content\/uploads\/2018\/06\/fort-abandon2-photo12-1024x712.jpg 1024w, http:\/\/www.lachartreuse.org\/web\/wp-content\/uploads\/2018\/06\/fort-abandon2-photo12-768x534.jpg 768w, http:\/\/www.lachartreuse.org\/web\/wp-content\/uploads\/2018\/06\/fort-abandon2-photo12-1536x1068.jpg 1536w\" sizes=\"auto, (max-width: 1723px) 100vw, 1723px\" \/><\/a><figcaption class=\"wp-element-caption\">12: BM21 &#8211; Poste de commandement fortifi\u00e9 &#8211; Photo Milou Coenen<br>Cliquez pour agrandir<\/figcaption><\/figure>\n\n\n\n<figure class=\"wp-block-image aligncenter\"><a href=\"http:\/\/www.lachartreuse.org\/web\/wp-content\/uploads\/2018\/06\/fort-abandon2-photo13.jpg\"><img loading=\"lazy\" decoding=\"async\" width=\"1276\" height=\"1892\" src=\"http:\/\/www.lachartreuse.org\/web\/wp-content\/uploads\/2018\/06\/fort-abandon2-photo13.jpg\" alt=\"\" class=\"wp-image-3622\" srcset=\"http:\/\/www.lachartreuse.org\/web\/wp-content\/uploads\/2018\/06\/fort-abandon2-photo13.jpg 1276w, http:\/\/www.lachartreuse.org\/web\/wp-content\/uploads\/2018\/06\/fort-abandon2-photo13-202x300.jpg 202w, http:\/\/www.lachartreuse.org\/web\/wp-content\/uploads\/2018\/06\/fort-abandon2-photo13-691x1024.jpg 691w, http:\/\/www.lachartreuse.org\/web\/wp-content\/uploads\/2018\/06\/fort-abandon2-photo13-768x1139.jpg 768w, http:\/\/www.lachartreuse.org\/web\/wp-content\/uploads\/2018\/06\/fort-abandon2-photo13-1036x1536.jpg 1036w\" sizes=\"auto, (max-width: 1276px) 100vw, 1276px\" \/><\/a><figcaption class=\"wp-element-caption\">13: BM21 &#8211; Poste de commandement fortifi\u00e9 &#8211; Photo Milou Coenen<br>Cliquez pour agrandir<\/figcaption><\/figure>\n\n\n\n<p>L\u00e0 aussi, tout ce qui pouvait \u00eatre vol\u00e9 apr\u00e8s l\u2019expulsion de l\u2019ASBL \u00ab La Chartreuse \u00bb l\u2019a \u00e9t\u00e9.<\/p>\n\n\n\n<p>BM22 \u2013 La maison Lambinon<\/p>\n\n\n\n<p>Cette maison, du nom de son dernier propri\u00e9taire, \u00e9tait ant\u00e9rieure \u00e0 la construction du fort. Elle a eu plusieurs fonctions, dont le logement du commandant du fort, de caf\u00e9 priv\u00e9, le caf\u00e9 Clermont, et de bureaux. Elle est aujourd\u2019hui en ruine compl\u00e8te. Matexi envisageait en 2008 de reconstruire cette maison mais cela para\u00eet de plus en plus compliqu\u00e9.<\/p>\n\n\n\n<figure class=\"wp-block-image aligncenter\"><a href=\"http:\/\/www.lachartreuse.org\/web\/wp-content\/uploads\/2018\/04\/maison-lambinon-full.jpg\"><img loading=\"lazy\" decoding=\"async\" width=\"921\" height=\"560\" src=\"http:\/\/www.lachartreuse.org\/web\/wp-content\/uploads\/2018\/04\/maison-lambinon-full.jpg\" alt=\"\" class=\"wp-image-3144\" srcset=\"http:\/\/www.lachartreuse.org\/web\/wp-content\/uploads\/2018\/04\/maison-lambinon-full.jpg 921w, http:\/\/www.lachartreuse.org\/web\/wp-content\/uploads\/2018\/04\/maison-lambinon-full-300x182.jpg 300w, http:\/\/www.lachartreuse.org\/web\/wp-content\/uploads\/2018\/04\/maison-lambinon-full-768x467.jpg 768w\" sizes=\"auto, (max-width: 921px) 100vw, 921px\" \/><\/a><figcaption class=\"wp-element-caption\">14: BM22 &#8211; La maison Lambinon en bon \u00e9tat<br>Cliquez pour agrandir<\/figcaption><\/figure>\n\n\n\n<figure class=\"wp-block-image aligncenter\"><a href=\"http:\/\/www.lachartreuse.org\/web\/wp-content\/uploads\/2018\/06\/fort-abandon2-photo15.jpg\"><img loading=\"lazy\" decoding=\"async\" width=\"1760\" height=\"1168\" src=\"http:\/\/www.lachartreuse.org\/web\/wp-content\/uploads\/2018\/06\/fort-abandon2-photo15.jpg\" alt=\"\" class=\"wp-image-3625\" srcset=\"http:\/\/www.lachartreuse.org\/web\/wp-content\/uploads\/2018\/06\/fort-abandon2-photo15.jpg 1760w, http:\/\/www.lachartreuse.org\/web\/wp-content\/uploads\/2018\/06\/fort-abandon2-photo15-300x199.jpg 300w, http:\/\/www.lachartreuse.org\/web\/wp-content\/uploads\/2018\/06\/fort-abandon2-photo15-1024x680.jpg 1024w, http:\/\/www.lachartreuse.org\/web\/wp-content\/uploads\/2018\/06\/fort-abandon2-photo15-768x510.jpg 768w, http:\/\/www.lachartreuse.org\/web\/wp-content\/uploads\/2018\/06\/fort-abandon2-photo15-1536x1019.jpg 1536w\" sizes=\"auto, (max-width: 1760px) 100vw, 1760px\" \/><\/a><figcaption class=\"wp-element-caption\">15: BM22 &#8211; La maison Lambinon en ruines<br>Cliquez pour agrandir<\/figcaption><\/figure>\n\n\n\n<p><strong>BM23 &#8211; Le gymnase<\/strong><\/p>\n\n\n\n<p>Le BM23 a \u00e9t\u00e9 construit avant la premi\u00e8re guerre mondiale et a servi comme tel jusqu\u2019\u00e0 son abandon, vraisemblablement en 1960. Matexi envisageait de le restaurer pour en faire une salle de quartier, mais l\u00e0 aussi, cela devient hypoth\u00e9tique.<\/p>\n\n\n\n<figure class=\"wp-block-image aligncenter\"><a href=\"http:\/\/www.lachartreuse.org\/web\/wp-content\/uploads\/2018\/06\/fort-abandon2-photo16.jpg\"><img loading=\"lazy\" decoding=\"async\" width=\"1840\" height=\"1232\" src=\"http:\/\/www.lachartreuse.org\/web\/wp-content\/uploads\/2018\/06\/fort-abandon2-photo16.jpg\" alt=\"\" class=\"wp-image-3634\" srcset=\"http:\/\/www.lachartreuse.org\/web\/wp-content\/uploads\/2018\/06\/fort-abandon2-photo16.jpg 1840w, http:\/\/www.lachartreuse.org\/web\/wp-content\/uploads\/2018\/06\/fort-abandon2-photo16-300x201.jpg 300w, http:\/\/www.lachartreuse.org\/web\/wp-content\/uploads\/2018\/06\/fort-abandon2-photo16-1024x686.jpg 1024w, http:\/\/www.lachartreuse.org\/web\/wp-content\/uploads\/2018\/06\/fort-abandon2-photo16-768x514.jpg 768w, http:\/\/www.lachartreuse.org\/web\/wp-content\/uploads\/2018\/06\/fort-abandon2-photo16-1536x1028.jpg 1536w\" sizes=\"auto, (max-width: 1840px) 100vw, 1840px\" \/><\/a><figcaption class=\"wp-element-caption\">16: BM23 &#8211; Le gymnase<br>Cliquez pour agrandir<\/figcaption><\/figure>\n\n\n\n<figure class=\"wp-block-image aligncenter\"><a href=\"http:\/\/www.lachartreuse.org\/web\/wp-content\/uploads\/2018\/06\/fort-abandon2-photo17.jpg\"><img loading=\"lazy\" decoding=\"async\" width=\"1760\" height=\"1168\" src=\"http:\/\/www.lachartreuse.org\/web\/wp-content\/uploads\/2018\/06\/fort-abandon2-photo17.jpg\" alt=\"\" class=\"wp-image-3640\" srcset=\"http:\/\/www.lachartreuse.org\/web\/wp-content\/uploads\/2018\/06\/fort-abandon2-photo17.jpg 1760w, http:\/\/www.lachartreuse.org\/web\/wp-content\/uploads\/2018\/06\/fort-abandon2-photo17-300x199.jpg 300w, http:\/\/www.lachartreuse.org\/web\/wp-content\/uploads\/2018\/06\/fort-abandon2-photo17-1024x680.jpg 1024w, http:\/\/www.lachartreuse.org\/web\/wp-content\/uploads\/2018\/06\/fort-abandon2-photo17-768x510.jpg 768w, http:\/\/www.lachartreuse.org\/web\/wp-content\/uploads\/2018\/06\/fort-abandon2-photo17-1536x1019.jpg 1536w\" sizes=\"auto, (max-width: 1760px) 100vw, 1760px\" \/><\/a><figcaption class=\"wp-element-caption\">17: BM23 &#8211; Salle de gymnastique &#8211; Photo Milou Coenen<br>Cliquez pour agrandir<\/figcaption><\/figure>\n\n\n\n<p><strong>BM24 \u2013 Les \u00e9curies transform\u00e9es en cuisines<\/strong><\/p>\n\n\n\n<p>Ce b\u00e2timent a \u00e9t\u00e9 construit avant la premi\u00e8re guerre mondiale, \u00e0 usage d\u2019\u00e9curies. Il a \u00e9t\u00e9 transform\u00e9 dans l\u2019entre-deux guerres en cuisine.<\/p>\n\n\n\n<figure class=\"wp-block-image aligncenter\"><a href=\"http:\/\/www.lachartreuse.org\/web\/wp-content\/uploads\/2018\/06\/fort-abandon2-photo18.jpg\"><img loading=\"lazy\" decoding=\"async\" width=\"1840\" height=\"1232\" src=\"http:\/\/www.lachartreuse.org\/web\/wp-content\/uploads\/2018\/06\/fort-abandon2-photo18.jpg\" alt=\"\" class=\"wp-image-3643\" srcset=\"http:\/\/www.lachartreuse.org\/web\/wp-content\/uploads\/2018\/06\/fort-abandon2-photo18.jpg 1840w, http:\/\/www.lachartreuse.org\/web\/wp-content\/uploads\/2018\/06\/fort-abandon2-photo18-300x201.jpg 300w, http:\/\/www.lachartreuse.org\/web\/wp-content\/uploads\/2018\/06\/fort-abandon2-photo18-1024x686.jpg 1024w, http:\/\/www.lachartreuse.org\/web\/wp-content\/uploads\/2018\/06\/fort-abandon2-photo18-768x514.jpg 768w, http:\/\/www.lachartreuse.org\/web\/wp-content\/uploads\/2018\/06\/fort-abandon2-photo18-1536x1028.jpg 1536w\" sizes=\"auto, (max-width: 1840px) 100vw, 1840px\" \/><\/a><figcaption class=\"wp-element-caption\">18: BM24 &#8211; Les anciennes \u00e9curies devenues cuisines<br>Cliquez pour agrandir<\/figcaption><\/figure>\n\n\n\n<p><strong>BM25 \u2013 Les \u00e9curies transform\u00e9es en mess<\/strong><\/p>\n\n\n\n<p>Ce b\u00e2timent, \u00e9galement construit avant la premi\u00e8re guerre mondiale, a \u00e9t\u00e9 transform\u00e9 dans l\u2019entre-deux guerres en mess pour la troupe.<\/p>\n\n\n\n<figure class=\"wp-block-image aligncenter\"><a href=\"http:\/\/www.lachartreuse.org\/web\/wp-content\/uploads\/2018\/06\/fort-abandon2-photo19.jpg\"><img loading=\"lazy\" decoding=\"async\" width=\"1840\" height=\"1232\" src=\"http:\/\/www.lachartreuse.org\/web\/wp-content\/uploads\/2018\/06\/fort-abandon2-photo19.jpg\" alt=\"\" class=\"wp-image-3644\" srcset=\"http:\/\/www.lachartreuse.org\/web\/wp-content\/uploads\/2018\/06\/fort-abandon2-photo19.jpg 1840w, http:\/\/www.lachartreuse.org\/web\/wp-content\/uploads\/2018\/06\/fort-abandon2-photo19-300x201.jpg 300w, http:\/\/www.lachartreuse.org\/web\/wp-content\/uploads\/2018\/06\/fort-abandon2-photo19-1024x686.jpg 1024w, http:\/\/www.lachartreuse.org\/web\/wp-content\/uploads\/2018\/06\/fort-abandon2-photo19-768x514.jpg 768w, http:\/\/www.lachartreuse.org\/web\/wp-content\/uploads\/2018\/06\/fort-abandon2-photo19-1536x1028.jpg 1536w\" sizes=\"auto, (max-width: 1840px) 100vw, 1840px\" \/><\/a><figcaption class=\"wp-element-caption\">19: BM25 &#8211; Anciennes \u00e9curies devenues mess<br>Cliquez pour agrandir<\/figcaption><\/figure>\n\n\n\n<p>A l\u2019\u00e9tat de ruine, il a \u00e9t\u00e9 d\u00e9moli en 2006 par Matexi.<\/p>\n\n\n\n<p><strong>BM26 \u00e0 BM31 \u2013 Ecuries<\/strong><\/p>\n\n\n\n<p>Ces b\u00e2timents, \u00e0 usage d\u2019\u00e9curies, ont \u00e9t\u00e9 construits avant la premi\u00e8re guerre mondiale et d\u00e9molis dans l\u2019entre-deux guerres. A la place de deux de ceux-ci, un hangar m\u00e9tallique a \u00e9t\u00e9 construit apr\u00e8s la seconde guerre mondiale, il s\u2019agit de BM16, dont il a \u00e9t\u00e9 question ci-dessus.<\/p>\n\n\n\n<figure class=\"wp-block-image aligncenter\"><a href=\"http:\/\/www.lachartreuse.org\/web\/wp-content\/uploads\/2018\/06\/fort-abandon2-photo20.jpg\"><img loading=\"lazy\" decoding=\"async\" width=\"960\" height=\"608\" src=\"http:\/\/www.lachartreuse.org\/web\/wp-content\/uploads\/2018\/06\/fort-abandon2-photo20.jpg\" alt=\"\" class=\"wp-image-3646\" srcset=\"http:\/\/www.lachartreuse.org\/web\/wp-content\/uploads\/2018\/06\/fort-abandon2-photo20.jpg 960w, http:\/\/www.lachartreuse.org\/web\/wp-content\/uploads\/2018\/06\/fort-abandon2-photo20-300x190.jpg 300w, http:\/\/www.lachartreuse.org\/web\/wp-content\/uploads\/2018\/06\/fort-abandon2-photo20-768x486.jpg 768w\" sizes=\"auto, (max-width: 960px) 100vw, 960px\" \/><\/a><figcaption class=\"wp-element-caption\">20: Corps de place vers \u00e9curies, man\u00e8ge en arri\u00e8re plan<br>Cliquez pour agrandir<\/figcaption><\/figure>\n\n\n\n<p><strong>BM32 \u2013 Forge<\/strong><\/p>\n\n\n\n<p>L\u00e0 o\u00f9 il y a \u00e9curies, il y a forge. Ce b\u00e2timent a \u00e9t\u00e9 construit en m\u00eame temps que les \u00e9curies et est tomb\u00e9 en ruine compl\u00e8te apr\u00e8s l\u2019abandon des chevaux par la D\u00e9fense.<\/p>\n\n\n\n<p><strong>BM32a \u2013 Le poste \u00e0 carburant<\/strong><\/p>\n\n\n\n<p>Le poste \u00e0 carburant (Sta POL en langage militaire) a vraisemblablement \u00e9t\u00e9 construit en m\u00eame temps que BM19 et BM20 ou que les deux nouveaux corps de garde. Il a \u00e9t\u00e9 d\u00e9moli par Matexi en 2006.<\/p>\n\n\n\n<figure class=\"wp-block-image aligncenter\"><a href=\"http:\/\/www.lachartreuse.org\/web\/wp-content\/uploads\/2018\/06\/fort-abandon2-photo21.jpg\"><img loading=\"lazy\" decoding=\"async\" width=\"1840\" height=\"1232\" src=\"http:\/\/www.lachartreuse.org\/web\/wp-content\/uploads\/2018\/06\/fort-abandon2-photo21.jpg\" alt=\"\" class=\"wp-image-3648\" srcset=\"http:\/\/www.lachartreuse.org\/web\/wp-content\/uploads\/2018\/06\/fort-abandon2-photo21.jpg 1840w, http:\/\/www.lachartreuse.org\/web\/wp-content\/uploads\/2018\/06\/fort-abandon2-photo21-300x201.jpg 300w, http:\/\/www.lachartreuse.org\/web\/wp-content\/uploads\/2018\/06\/fort-abandon2-photo21-1024x686.jpg 1024w, http:\/\/www.lachartreuse.org\/web\/wp-content\/uploads\/2018\/06\/fort-abandon2-photo21-768x514.jpg 768w, http:\/\/www.lachartreuse.org\/web\/wp-content\/uploads\/2018\/06\/fort-abandon2-photo21-1536x1028.jpg 1536w\" sizes=\"auto, (max-width: 1840px) 100vw, 1840px\" \/><\/a><figcaption class=\"wp-element-caption\">21: BM32a &#8211; Le poste \u00e0 carburant<br>Cliquez pour agrandir<\/figcaption><\/figure>\n\n\n\n<p><strong>BM33 \u2013 Le man\u00e8ge transform\u00e9 en garage<\/strong><\/p>\n\n\n\n<p>Construit avant la premi\u00e8re guerre mondiale, ce man\u00e8ge a \u00e9t\u00e9 transform\u00e9 en garage dans l\u2019entre-deux guerres.<\/p>\n\n\n\n<figure class=\"wp-block-image aligncenter\"><a href=\"http:\/\/www.lachartreuse.org\/web\/wp-content\/uploads\/2018\/06\/fort-abandon2-photo22.jpg\"><img loading=\"lazy\" decoding=\"async\" width=\"1840\" height=\"1232\" src=\"http:\/\/www.lachartreuse.org\/web\/wp-content\/uploads\/2018\/06\/fort-abandon2-photo22.jpg\" alt=\"\" class=\"wp-image-3650\" srcset=\"http:\/\/www.lachartreuse.org\/web\/wp-content\/uploads\/2018\/06\/fort-abandon2-photo22.jpg 1840w, http:\/\/www.lachartreuse.org\/web\/wp-content\/uploads\/2018\/06\/fort-abandon2-photo22-300x201.jpg 300w, http:\/\/www.lachartreuse.org\/web\/wp-content\/uploads\/2018\/06\/fort-abandon2-photo22-1024x686.jpg 1024w, http:\/\/www.lachartreuse.org\/web\/wp-content\/uploads\/2018\/06\/fort-abandon2-photo22-768x514.jpg 768w, http:\/\/www.lachartreuse.org\/web\/wp-content\/uploads\/2018\/06\/fort-abandon2-photo22-1536x1028.jpg 1536w\" sizes=\"auto, (max-width: 1840px) 100vw, 1840px\" \/><\/a><figcaption class=\"wp-element-caption\">22: BM33 &#8211; L&rsquo;ancien man\u00e8ge devenu garageCliquez pour agrandir<\/figcaption><\/figure>\n\n\n\n<p>Il a \u00e9t\u00e9 d\u00e9moli par Matexi en 2006.<\/p>\n\n\n\n<p><strong>BM34 \u2013 Usage inconnu<\/strong><\/p>\n\n\n\n<p>Nous ne connaissons pas l\u2019usage de ce b\u00e2timent, construit avant la premi\u00e8re guerre mondiale.<\/p>\n\n\n\n<figure class=\"wp-block-image aligncenter\"><a href=\"http:\/\/www.lachartreuse.org\/web\/wp-content\/uploads\/2018\/06\/fort-abandon2-photo23.jpg\"><img loading=\"lazy\" decoding=\"async\" width=\"1840\" height=\"1232\" src=\"http:\/\/www.lachartreuse.org\/web\/wp-content\/uploads\/2018\/06\/fort-abandon2-photo23.jpg\" alt=\"\" class=\"wp-image-3708\" srcset=\"http:\/\/www.lachartreuse.org\/web\/wp-content\/uploads\/2018\/06\/fort-abandon2-photo23.jpg 1840w, http:\/\/www.lachartreuse.org\/web\/wp-content\/uploads\/2018\/06\/fort-abandon2-photo23-300x201.jpg 300w, http:\/\/www.lachartreuse.org\/web\/wp-content\/uploads\/2018\/06\/fort-abandon2-photo23-1024x686.jpg 1024w, http:\/\/www.lachartreuse.org\/web\/wp-content\/uploads\/2018\/06\/fort-abandon2-photo23-768x514.jpg 768w, http:\/\/www.lachartreuse.org\/web\/wp-content\/uploads\/2018\/06\/fort-abandon2-photo23-1536x1028.jpg 1536w\" sizes=\"auto, (max-width: 1840px) 100vw, 1840px\" \/><\/a><figcaption class=\"wp-element-caption\">23: BM34Cliquez pour agrandir<\/figcaption><\/figure>\n\n\n\n<p>Il a \u00e9t\u00e9 d\u00e9moli par Matexi en 2006.<\/p>\n\n\n\n<p><strong>BM35 \u2013 Inconnu<\/strong><\/p>\n\n\n\n<p>Nous ne connaissons pas de BM35.<\/p>\n\n\n\n<p><strong>BM36 \u2013 Usage inconnu<\/strong><\/p>\n\n\n\n<p>Ce b\u00e2timent a \u00e9t\u00e9 construit avant la premi\u00e8re guerre mondiale et nous ne connaissons pas son usage.<\/p>\n\n\n\n<figure class=\"wp-block-image aligncenter\"><a href=\"http:\/\/www.lachartreuse.org\/web\/wp-content\/uploads\/2018\/06\/fort-abandon2-photo24.jpg\"><img loading=\"lazy\" decoding=\"async\" width=\"1840\" height=\"1232\" src=\"http:\/\/www.lachartreuse.org\/web\/wp-content\/uploads\/2018\/06\/fort-abandon2-photo24.jpg\" alt=\"\" class=\"wp-image-3709\" srcset=\"http:\/\/www.lachartreuse.org\/web\/wp-content\/uploads\/2018\/06\/fort-abandon2-photo24.jpg 1840w, http:\/\/www.lachartreuse.org\/web\/wp-content\/uploads\/2018\/06\/fort-abandon2-photo24-300x201.jpg 300w, http:\/\/www.lachartreuse.org\/web\/wp-content\/uploads\/2018\/06\/fort-abandon2-photo24-1024x686.jpg 1024w, http:\/\/www.lachartreuse.org\/web\/wp-content\/uploads\/2018\/06\/fort-abandon2-photo24-768x514.jpg 768w, http:\/\/www.lachartreuse.org\/web\/wp-content\/uploads\/2018\/06\/fort-abandon2-photo24-1536x1028.jpg 1536w\" sizes=\"auto, (max-width: 1840px) 100vw, 1840px\" \/><\/a><figcaption class=\"wp-element-caption\">24: BM36Cliquez pour agrandir<\/figcaption><\/figure>\n\n\n\n<p>Il a \u00e9t\u00e9 d\u00e9moli par Matexi en 2006.<\/p>\n\n\n\n<p><strong>BM37 \u2013 Man\u00e8ge transform\u00e9 en atelier et buanderie<\/strong><\/p>\n\n\n\n<p>Construit avant la premi\u00e8re guerre mondiale \u00e0 usage de man\u00e8ge, ce b\u00e2timent a \u00e9t\u00e9 transform\u00e9 en garage et atelier au rez-de-chauss\u00e9e et en buanderie \u00e0 l\u2019\u00e9tage.<\/p>\n\n\n\n<figure class=\"wp-block-image aligncenter\"><a href=\"http:\/\/www.lachartreuse.org\/web\/wp-content\/uploads\/2018\/06\/fort-abandon2-photo25.jpg\"><img loading=\"lazy\" decoding=\"async\" width=\"1840\" height=\"1232\" src=\"http:\/\/www.lachartreuse.org\/web\/wp-content\/uploads\/2018\/06\/fort-abandon2-photo25.jpg\" alt=\"\" class=\"wp-image-3710\" srcset=\"http:\/\/www.lachartreuse.org\/web\/wp-content\/uploads\/2018\/06\/fort-abandon2-photo25.jpg 1840w, http:\/\/www.lachartreuse.org\/web\/wp-content\/uploads\/2018\/06\/fort-abandon2-photo25-300x201.jpg 300w, http:\/\/www.lachartreuse.org\/web\/wp-content\/uploads\/2018\/06\/fort-abandon2-photo25-1024x686.jpg 1024w, http:\/\/www.lachartreuse.org\/web\/wp-content\/uploads\/2018\/06\/fort-abandon2-photo25-768x514.jpg 768w, http:\/\/www.lachartreuse.org\/web\/wp-content\/uploads\/2018\/06\/fort-abandon2-photo25-1536x1028.jpg 1536w\" sizes=\"auto, (max-width: 1840px) 100vw, 1840px\" \/><\/a><figcaption class=\"wp-element-caption\">25: BM37 &#8211; Man\u00e8ge transform\u00e9 en atelierCliquez pour agrandir<\/figcaption><\/figure>\n\n\n\n<p>Il a \u00e9t\u00e9 d\u00e9moli par Matexi en 2006.<\/p>\n\n\n\n<p><strong>BM38 \u2013 Usage inconnu<\/strong><\/p>\n\n\n\n<p>Ce b\u00e2timent dont nous ne connaissons pas l\u2019usage a \u00e9t\u00e9 construit avant la premi\u00e8re guerre mondiale.<br>\nIl a \u00e9t\u00e9 d\u00e9moli par Matexi en 2006.<\/p>\n\n\n\n<p><strong>BM39 \u2013 Usage inconnu<\/strong><\/p>\n\n\n\n<p>Ce b\u00e2timent a \u00e9t\u00e9 construit avant la premi\u00e8re guerre mondiale mais nous n\u2019en connaissons pas l\u2019usage.<br>\nIl a \u00e9t\u00e9 d\u00e9moli par Matexi en 2006.<\/p>\n\n\n\n<p><strong>BM40 \u2013 La ferme des hollandais<\/strong><\/p>\n\n\n\n<p>Ce que l\u2019on appelle parfois \u00ab la ferme des Hollandais \u00bb ou \u00ab la vieille ferme \u00bb \u00e9tait un hangar \u00e0 aff\u00fbts de canons construit en m\u00eame temps que le fort. Il a \u00e9t\u00e9 construit de pierres h\u00e9t\u00e9roclites venant d\u2019un peu partout. On retrouvait notamment une pierre ayant servi de borne de d\u00e9limitation de la commune de Grivegn\u00e9e. Nous n\u2019avons malheureusement pas de photo de cette borne.<\/p>\n\n\n\n<p>Apr\u00e8s le d\u00e9classement du fort, BM40 a \u00e9t\u00e9 transform\u00e9 et rehauss\u00e9 de deux niveaux par l\u2019arm\u00e9e belge. Il a notamment servi d\u2019ateliers et de bureaux pour les techniciens \u00ab radio \u00bb. Il a vraisemblablement \u00e9t\u00e9 abandonn\u00e9 dans les ann\u00e9es 60.<\/p>\n\n\n\n<p>Le b\u00e2timent a fait partie des terrains vendus par l\u2019arm\u00e9e \u00e0 la ville de Li\u00e8ge en 1998 mais celle-ci n\u2019en a jamais rien fait. Elle a attendu 2019 pour s\u2019apercevoir qu\u2019il \u00e9tait en trop mauvais \u00e9tat pour en faire quelque-chose et elle l\u2019a fait d\u00e9molir en urgence.<\/p>\n\n\n\n<p>Notre crainte maintenant est que la ville ne fasse de m\u00eame avec le reste du fort.<\/p>\n\n\n\n<figure class=\"wp-block-image aligncenter\"><a href=\"http:\/\/www.lachartreuse.org\/web\/wp-content\/uploads\/2018\/06\/fort-abandon2-photo26.jpg\"><img loading=\"lazy\" decoding=\"async\" width=\"1840\" height=\"1232\" src=\"http:\/\/www.lachartreuse.org\/web\/wp-content\/uploads\/2018\/06\/fort-abandon2-photo26.jpg\" alt=\"\" class=\"wp-image-3712\" srcset=\"http:\/\/www.lachartreuse.org\/web\/wp-content\/uploads\/2018\/06\/fort-abandon2-photo26.jpg 1840w, http:\/\/www.lachartreuse.org\/web\/wp-content\/uploads\/2018\/06\/fort-abandon2-photo26-300x201.jpg 300w, http:\/\/www.lachartreuse.org\/web\/wp-content\/uploads\/2018\/06\/fort-abandon2-photo26-1024x686.jpg 1024w, http:\/\/www.lachartreuse.org\/web\/wp-content\/uploads\/2018\/06\/fort-abandon2-photo26-768x514.jpg 768w, http:\/\/www.lachartreuse.org\/web\/wp-content\/uploads\/2018\/06\/fort-abandon2-photo26-1536x1028.jpg 1536w\" sizes=\"auto, (max-width: 1840px) 100vw, 1840px\" \/><\/a><figcaption class=\"wp-element-caption\">26: BM40 &#8211; Hangar \u00e0 affuts de canons<br>Cliquez pour agrandir<\/figcaption><\/figure>\n\n\n\n<figure class=\"wp-block-image aligncenter\"><a href=\"http:\/\/www.lachartreuse.org\/web\/wp-content\/uploads\/2018\/06\/BM40_0001-20000926-1.jpg\"><img loading=\"lazy\" decoding=\"async\" width=\"1232\" height=\"1840\" src=\"http:\/\/www.lachartreuse.org\/web\/wp-content\/uploads\/2018\/06\/BM40_0001-20000926-1.jpg\" alt=\"\" class=\"wp-image-5336\" srcset=\"http:\/\/www.lachartreuse.org\/web\/wp-content\/uploads\/2018\/06\/BM40_0001-20000926-1.jpg 1232w, http:\/\/www.lachartreuse.org\/web\/wp-content\/uploads\/2018\/06\/BM40_0001-20000926-1-201x300.jpg 201w, http:\/\/www.lachartreuse.org\/web\/wp-content\/uploads\/2018\/06\/BM40_0001-20000926-1-686x1024.jpg 686w, http:\/\/www.lachartreuse.org\/web\/wp-content\/uploads\/2018\/06\/BM40_0001-20000926-1-768x1147.jpg 768w, http:\/\/www.lachartreuse.org\/web\/wp-content\/uploads\/2018\/06\/BM40_0001-20000926-1-1028x1536.jpg 1028w\" sizes=\"auto, (max-width: 1232px) 100vw, 1232px\" \/><\/a><figcaption class=\"wp-element-caption\">27: BM40 &#8211; Hangar \u00e0 affuts de canons<br>Cliquez pour agrandir<\/figcaption><\/figure>\n\n\n\n<figure class=\"wp-block-image aligncenter\"><a href=\"http:\/\/www.lachartreuse.org\/web\/wp-content\/uploads\/2018\/06\/BM40_0009-20200124-scaled-1.jpg\"><img loading=\"lazy\" decoding=\"async\" width=\"2560\" height=\"1707\" src=\"http:\/\/www.lachartreuse.org\/web\/wp-content\/uploads\/2018\/06\/BM40_0009-20200124-scaled-1.jpg\" alt=\"\" class=\"wp-image-5337\" srcset=\"http:\/\/www.lachartreuse.org\/web\/wp-content\/uploads\/2018\/06\/BM40_0009-20200124-scaled-1.jpg 2560w, http:\/\/www.lachartreuse.org\/web\/wp-content\/uploads\/2018\/06\/BM40_0009-20200124-scaled-1-300x200.jpg 300w, http:\/\/www.lachartreuse.org\/web\/wp-content\/uploads\/2018\/06\/BM40_0009-20200124-scaled-1-1024x683.jpg 1024w, http:\/\/www.lachartreuse.org\/web\/wp-content\/uploads\/2018\/06\/BM40_0009-20200124-scaled-1-768x512.jpg 768w, http:\/\/www.lachartreuse.org\/web\/wp-content\/uploads\/2018\/06\/BM40_0009-20200124-scaled-1-1536x1024.jpg 1536w, http:\/\/www.lachartreuse.org\/web\/wp-content\/uploads\/2018\/06\/BM40_0009-20200124-scaled-1-2048x1366.jpg 2048w\" sizes=\"auto, (max-width: 2560px) 100vw, 2560px\" \/><\/a><figcaption class=\"wp-element-caption\">28: BM40 &#8211; Hangar \u00e0 affuts de canons<br>Cliquez pour agrandir<\/figcaption><\/figure>\n\n\n\n<figure class=\"wp-block-image aligncenter\"><a href=\"http:\/\/www.lachartreuse.org\/web\/wp-content\/uploads\/2018\/06\/BM40_0008-20191126-scaled-1.jpg\"><img loading=\"lazy\" decoding=\"async\" width=\"2560\" height=\"1920\" src=\"http:\/\/www.lachartreuse.org\/web\/wp-content\/uploads\/2018\/06\/BM40_0008-20191126-scaled-1.jpg\" alt=\"\" class=\"wp-image-5338\" srcset=\"http:\/\/www.lachartreuse.org\/web\/wp-content\/uploads\/2018\/06\/BM40_0008-20191126-scaled-1.jpg 2560w, http:\/\/www.lachartreuse.org\/web\/wp-content\/uploads\/2018\/06\/BM40_0008-20191126-scaled-1-300x225.jpg 300w, http:\/\/www.lachartreuse.org\/web\/wp-content\/uploads\/2018\/06\/BM40_0008-20191126-scaled-1-1024x768.jpg 1024w, http:\/\/www.lachartreuse.org\/web\/wp-content\/uploads\/2018\/06\/BM40_0008-20191126-scaled-1-768x576.jpg 768w, http:\/\/www.lachartreuse.org\/web\/wp-content\/uploads\/2018\/06\/BM40_0008-20191126-scaled-1-1536x1152.jpg 1536w, http:\/\/www.lachartreuse.org\/web\/wp-content\/uploads\/2018\/06\/BM40_0008-20191126-scaled-1-2048x1536.jpg 2048w\" sizes=\"auto, (max-width: 2560px) 100vw, 2560px\" \/><\/a><figcaption class=\"wp-element-caption\">29: BM40 &#8211; Hangar \u00e0 affuts de canons<br>Cliquez pour agrandir<\/figcaption><\/figure>\n\n\n\n<p><strong>BM41 \u2013 Le laboraoire des poudres<\/strong><\/p>\n\n\n\n<p>Au moment o\u00f9 j\u2019ai \u00e9crit les articles concernant l\u2019histoire du fort, j\u2019ai oubli\u00e9 de parler de BM41, l\u2019ancien laboratoire des poudres.<\/p>\n\n\n\n<p>Depuis l\u2019invention de la poudre, les fortifications sont d\u00e9fendues par des canons. Pour des raisons de s\u00e9curit\u00e9, dans les fortifications Vauban et post-Vauban, jusqu\u2019\u00e0 nos jours, on \u00e9vite de pr\u00e9parer les munitions trop pr\u00e8s des casernements et des champs de bataille. Les laboratoires des poudres et les poudri\u00e8res sont donc g\u00e9n\u00e9ralement plac\u00e9es le plus loin possible des lieux o\u00f9 on se bat et o\u00f9 on vit.<\/p>\n\n\n\n<p>A la Chartreuse, si la poudri\u00e8re, dont il est question dans mon article sur la construction du fort et le premier article sur son d\u00e9classement, ne pouvait pas \u00eatre plac\u00e9e trop loin des hommes pouss\u00e9s dans leurs derniers retranchements, il a \u00e9t\u00e9 d\u00e9cid\u00e9 d\u2019installer le lieu de fabrication des gargousses de poudre le plus loin possible de la caserne. C\u2019est donc dans le bastion 4 que le laboratoire des poudres a \u00e9t\u00e9 construit.<\/p>\n\n\n\n<p>Lorsque l\u2019arm\u00e9e belge a abandonn\u00e9 la poudri\u00e8re d\u2019origine (BM3), elle a aussi abandonn\u00e9 le laboratoire des poudres (BM41).<\/p>\n\n\n\n<p>Ce b\u00e2timent est donc devenu un simple hangar de stockage puis il a \u00e9t\u00e9 abandonn\u00e9.<\/p>\n\n\n\n<p>Au d\u00e9but des ann\u00e9es 80, le commandant de la caserne a vendu les briques \u00e0 quelqu\u2019un qui a abattu le b\u00e2timent mais le malotru a pris les bonnes briques mais n\u2019a jamais emport\u00e9 les cass\u00e9es.<\/p>\n\n\n\n<p>C\u2019est donc un tas de briques que l\u2019on peut encore voir dans B4. Toutes les pierres ont bien entendu disparu.<\/p>\n\n\n\n<p>Vous pourrez voir ci-apr\u00e8s de (tr\u00e8s) mauvaises photos de BM41 avant et pendant sa d\u00e9molition.<\/p>\n\n\n\n<p>Nous sommes \u00e0 la recherche de photos de meilleure qualit\u00e9.<\/p>\n\n\n\n<figure class=\"wp-block-image aligncenter\"><a href=\"http:\/\/www.lachartreuse.org\/web\/wp-content\/uploads\/2018\/06\/bm41-1-1.jpg\"><img loading=\"lazy\" decoding=\"async\" width=\"2511\" height=\"1809\" src=\"http:\/\/www.lachartreuse.org\/web\/wp-content\/uploads\/2018\/06\/bm41-1-1.jpg\" alt=\"\" class=\"wp-image-5321\" srcset=\"http:\/\/www.lachartreuse.org\/web\/wp-content\/uploads\/2018\/06\/bm41-1-1.jpg 2511w, http:\/\/www.lachartreuse.org\/web\/wp-content\/uploads\/2018\/06\/bm41-1-1-300x216.jpg 300w, http:\/\/www.lachartreuse.org\/web\/wp-content\/uploads\/2018\/06\/bm41-1-1-1024x738.jpg 1024w, http:\/\/www.lachartreuse.org\/web\/wp-content\/uploads\/2018\/06\/bm41-1-1-768x553.jpg 768w, http:\/\/www.lachartreuse.org\/web\/wp-content\/uploads\/2018\/06\/bm41-1-1-1536x1107.jpg 1536w, http:\/\/www.lachartreuse.org\/web\/wp-content\/uploads\/2018\/06\/bm41-1-1-2048x1475.jpg 2048w\" sizes=\"auto, (max-width: 2511px) 100vw, 2511px\" \/><\/a><figcaption class=\"wp-element-caption\">BM41 &#8211; Laboratoire des poudres<\/figcaption><\/figure>\n\n\n\n<figure class=\"wp-block-image aligncenter\"><a href=\"http:\/\/www.lachartreuse.org\/web\/wp-content\/uploads\/2018\/06\/bm41-2-1.jpg\"><img loading=\"lazy\" decoding=\"async\" width=\"1199\" height=\"942\" src=\"http:\/\/www.lachartreuse.org\/web\/wp-content\/uploads\/2018\/06\/bm41-2-1.jpg\" alt=\"\" class=\"wp-image-5322\" srcset=\"http:\/\/www.lachartreuse.org\/web\/wp-content\/uploads\/2018\/06\/bm41-2-1.jpg 1199w, http:\/\/www.lachartreuse.org\/web\/wp-content\/uploads\/2018\/06\/bm41-2-1-300x236.jpg 300w, http:\/\/www.lachartreuse.org\/web\/wp-content\/uploads\/2018\/06\/bm41-2-1-1024x805.jpg 1024w, http:\/\/www.lachartreuse.org\/web\/wp-content\/uploads\/2018\/06\/bm41-2-1-768x603.jpg 768w\" sizes=\"auto, (max-width: 1199px) 100vw, 1199px\" \/><\/a><figcaption class=\"wp-element-caption\">BM41 &#8211; Laboratoire des poudres<\/figcaption><\/figure>\n\n\n\n<hr class=\"wp-block-separator has-alpha-channel-opacity\"\/>\n\n\n\n<p><strong>Pierre Michaux<\/strong><\/p>\n<div class=\"pdfprnt-buttons pdfprnt-buttons-post pdfprnt-bottom-right\"><a href=\"http:\/\/www.lachartreuse.org\/web\/wp-json\/wp\/v2\/posts\/3496?print=pdf\" class=\"pdfprnt-button pdfprnt-button-pdf\" target=\"_blank\" ><img decoding=\"async\" src=\"http:\/\/www.lachartreuse.org\/web\/wp-content\/plugins\/pdf-print\/images\/pdf.png\" alt=\"image_pdf\" title=\"T\u00e9l\u00e9charger le PDF\" \/><\/a><a href=\"http:\/\/www.lachartreuse.org\/web\/wp-json\/wp\/v2\/posts\/3496?print=print\" class=\"pdfprnt-button pdfprnt-button-print\" target=\"_blank\" ><img decoding=\"async\" src=\"http:\/\/www.lachartreuse.org\/web\/wp-content\/plugins\/pdf-print\/images\/print.png\" alt=\"image_print\" title=\"Contenu imprim\u00e9\" \/><\/a><\/div>","protected":false},"excerpt":{"rendered":"<p>T\u00e9l\u00e9chargez la version PDF de cet article. Voir \u00e9galement: Le fort, du d\u00e9classement \u00e0 l\u2019abandon (1) Le fort, du d\u00e9classement \u00e0 l\u2019abandon (3) II. Le corps de place BM16 \u2013 Hangar m\u00e9tallique Lorsque le fort a \u00e9t\u00e9 d\u00e9class\u00e9 en 1891, des \u00e9curies au nombre de huit et deux man\u00e8ges ont \u00e9t\u00e9 construits. Nous ne savons [&hellip;]<\/p>\n","protected":false},"author":6,"featured_media":3679,"comment_status":"closed","ping_status":"open","sticky":false,"template":"","format":"standard","meta":{"_eb_attr":"","_uag_custom_page_level_css":"","site-sidebar-layout":"default","site-content-layout":"","ast-site-content-layout":"default","site-content-style":"default","site-sidebar-style":"default","ast-global-header-display":"","ast-banner-title-visibility":"","ast-main-header-display":"","ast-hfb-above-header-display":"","ast-hfb-below-header-display":"","ast-hfb-mobile-header-display":"","site-post-title":"","ast-breadcrumbs-content":"","ast-featured-img":"","footer-sml-layout":"","ast-disable-related-posts":"","theme-transparent-header-meta":"","adv-header-id-meta":"","stick-header-meta":"","header-above-stick-meta":"","header-main-stick-meta":"","header-below-stick-meta":"","astra-migrate-meta-layouts":"default","ast-page-background-enabled":"default","ast-page-background-meta":{"desktop":{"background-color":"var(--ast-global-color-4)","background-image":"","background-repeat":"repeat","background-position":"center center","background-size":"auto","background-attachment":"scroll","background-type":"","background-media":"","overlay-type":"","overlay-color":"","overlay-opacity":"","overlay-gradient":""},"tablet":{"background-color":"","background-image":"","background-repeat":"repeat","background-position":"center center","background-size":"auto","background-attachment":"scroll","background-type":"","background-media":"","overlay-type":"","overlay-color":"","overlay-opacity":"","overlay-gradient":""},"mobile":{"background-color":"","background-image":"","background-repeat":"repeat","background-position":"center center","background-size":"auto","background-attachment":"scroll","background-type":"","background-media":"","overlay-type":"","overlay-color":"","overlay-opacity":"","overlay-gradient":""}},"ast-content-background-meta":{"desktop":{"background-color":"var(--ast-global-color-5)","background-image":"","background-repeat":"repeat","background-position":"center center","background-size":"auto","background-attachment":"scroll","background-type":"","background-media":"","overlay-type":"","overlay-color":"","overlay-opacity":"","overlay-gradient":""},"tablet":{"background-color":"var(--ast-global-color-5)","background-image":"","background-repeat":"repeat","background-position":"center center","background-size":"auto","background-attachment":"scroll","background-type":"","background-media":"","overlay-type":"","overlay-color":"","overlay-opacity":"","overlay-gradient":""},"mobile":{"background-color":"var(--ast-global-color-5)","background-image":"","background-repeat":"repeat","background-position":"center center","background-size":"auto","background-attachment":"scroll","background-type":"","background-media":"","overlay-type":"","overlay-color":"","overlay-opacity":"","overlay-gradient":""}},"footnotes":""},"categories":[6,7],"tags":[],"class_list":["post-3496","post","type-post","status-publish","format-standard","has-post-thumbnail","hentry","category-a-la-une","category-au-fil-des-jours"],"featured_image_src":"http:\/\/www.lachartreuse.org\/web\/wp-content\/uploads\/2018\/06\/plan-corps-1.jpg","author_info":{"display_name":"Pierre Michaux","author_link":"http:\/\/www.lachartreuse.org\/web\/author\/pmichaux\/"},"uagb_featured_image_src":{"full":["http:\/\/www.lachartreuse.org\/web\/wp-content\/uploads\/2018\/06\/plan-corps-1.jpg",1530,1080,false],"thumbnail":["http:\/\/www.lachartreuse.org\/web\/wp-content\/uploads\/2018\/06\/plan-corps-1-150x150.jpg",150,150,true],"medium":["http:\/\/www.lachartreuse.org\/web\/wp-content\/uploads\/2018\/06\/plan-corps-1-300x212.jpg",300,212,true],"medium_large":["http:\/\/www.lachartreuse.org\/web\/wp-content\/uploads\/2018\/06\/plan-corps-1-768x542.jpg",768,542,true],"large":["http:\/\/www.lachartreuse.org\/web\/wp-content\/uploads\/2018\/06\/plan-corps-1-1024x723.jpg",1024,723,true],"1536x1536":["http:\/\/www.lachartreuse.org\/web\/wp-content\/uploads\/2018\/06\/plan-corps-1.jpg",1530,1080,false],"2048x2048":["http:\/\/www.lachartreuse.org\/web\/wp-content\/uploads\/2018\/06\/plan-corps-1.jpg",1530,1080,false]},"uagb_author_info":{"display_name":"Pierre Michaux","author_link":"http:\/\/www.lachartreuse.org\/web\/author\/pmichaux\/"},"uagb_comment_info":0,"uagb_excerpt":"T\u00e9l\u00e9chargez la version PDF de cet article. Voir \u00e9galement: Le fort, du d\u00e9classement \u00e0 l\u2019abandon (1) Le fort, du d\u00e9classement \u00e0 l\u2019abandon (3) II. Le corps de place BM16 \u2013 Hangar m\u00e9tallique Lorsque le fort a \u00e9t\u00e9 d\u00e9class\u00e9 en 1891, des \u00e9curies au nombre de huit et deux man\u00e8ges ont \u00e9t\u00e9 construits. Nous ne savons\u2026","_links":{"self":[{"href":"http:\/\/www.lachartreuse.org\/web\/wp-json\/wp\/v2\/posts\/3496","targetHints":{"allow":["GET"]}}],"collection":[{"href":"http:\/\/www.lachartreuse.org\/web\/wp-json\/wp\/v2\/posts"}],"about":[{"href":"http:\/\/www.lachartreuse.org\/web\/wp-json\/wp\/v2\/types\/post"}],"author":[{"embeddable":true,"href":"http:\/\/www.lachartreuse.org\/web\/wp-json\/wp\/v2\/users\/6"}],"replies":[{"embeddable":true,"href":"http:\/\/www.lachartreuse.org\/web\/wp-json\/wp\/v2\/comments?post=3496"}],"version-history":[{"count":1,"href":"http:\/\/www.lachartreuse.org\/web\/wp-json\/wp\/v2\/posts\/3496\/revisions"}],"predecessor-version":[{"id":29176,"href":"http:\/\/www.lachartreuse.org\/web\/wp-json\/wp\/v2\/posts\/3496\/revisions\/29176"}],"wp:featuredmedia":[{"embeddable":true,"href":"http:\/\/www.lachartreuse.org\/web\/wp-json\/wp\/v2\/media\/3679"}],"wp:attachment":[{"href":"http:\/\/www.lachartreuse.org\/web\/wp-json\/wp\/v2\/media?parent=3496"}],"wp:term":[{"taxonomy":"category","embeddable":true,"href":"http:\/\/www.lachartreuse.org\/web\/wp-json\/wp\/v2\/categories?post=3496"},{"taxonomy":"post_tag","embeddable":true,"href":"http:\/\/www.lachartreuse.org\/web\/wp-json\/wp\/v2\/tags?post=3496"}],"curies":[{"name":"wp","href":"https:\/\/api.w.org\/{rel}","templated":true}]}}