{"id":2828,"date":"2018-04-11T00:00:22","date_gmt":"2018-04-10T22:00:22","guid":{"rendered":"http:\/\/www.lachartreuse.org\/web\/?p=2828"},"modified":"2023-08-04T20:03:41","modified_gmt":"2023-08-04T18:03:41","slug":"construction-du-fort-les-expropriations-de-1818","status":"publish","type":"post","link":"http:\/\/www.lachartreuse.org\/web\/construction-du-fort-les-expropriations-de-1818\/","title":{"rendered":"Construction du fort: les expropriations de 1818"},"content":{"rendered":"\n<p>&nbsp;<br><strong><a href=\"https:\/\/www.dropbox.com\/s\/pbeooskj53p6a3n\/article-les-expropriations-de-1818.pdf?raw=1\">T\u00e9l\u00e9chargez la version PDF de cet article<\/a><\/strong>.<\/p>\n\n\n\n<p>L\u2019implantation du fort hollandais devant se faire sur le plateau de <em>P\u00e9ville<\/em>, le hameau allait donc disparaitre.<\/p>\n\n\n\n<p>Depuis 1796, <em>P\u00e9ville<\/em> ne faisait plus partie de la banlieue de la Ville mais \u00e9tait rattach\u00e9 \u00e0 la nouvelle commune de <em>Grivegn\u00e9e<\/em>.<\/p>\n\n\n\n<p>Comprenant beaucoup de terres labourables, le plateau \u00e9tait peu habit\u00e9 en ce d\u00e9but de XIX\u00e8 si\u00e8cle. Il comptait quand m\u00eame 17 maisons, trois granges, un fournil et une forge.<\/p>\n\n\n\n<figure class=\"wp-block-image aligncenter\"><a href=\"http:\/\/www.lachartreuse.org\/web\/wp-content\/uploads\/2018\/03\/plan-1818-chartreuse-2048x1678x96dpi.jpg\"><img loading=\"lazy\" decoding=\"async\" width=\"2048\" height=\"1678\" src=\"http:\/\/www.lachartreuse.org\/web\/wp-content\/uploads\/2018\/03\/plan-1818-chartreuse-2048x1678x96dpi.jpg\" alt=\"\" class=\"wp-image-2833\" srcset=\"http:\/\/www.lachartreuse.org\/web\/wp-content\/uploads\/2018\/03\/plan-1818-chartreuse-2048x1678x96dpi.jpg 2048w, http:\/\/www.lachartreuse.org\/web\/wp-content\/uploads\/2018\/03\/plan-1818-chartreuse-2048x1678x96dpi-300x246.jpg 300w, http:\/\/www.lachartreuse.org\/web\/wp-content\/uploads\/2018\/03\/plan-1818-chartreuse-2048x1678x96dpi-1024x839.jpg 1024w, http:\/\/www.lachartreuse.org\/web\/wp-content\/uploads\/2018\/03\/plan-1818-chartreuse-2048x1678x96dpi-768x629.jpg 768w, http:\/\/www.lachartreuse.org\/web\/wp-content\/uploads\/2018\/03\/plan-1818-chartreuse-2048x1678x96dpi-1536x1259.jpg 1536w\" sizes=\"auto, (max-width: 2048px) 100vw, 2048px\" \/><\/a><figcaption class=\"wp-element-caption\">Etat des propri\u00e9t\u00e9s \u00e0 occuper pour l&rsquo;\u00e9tablissement d&rsquo;un fort sur la chartreuse pr\u00e8s de la ville de Li\u00e8ge<br>Cliquez pour agrandir<\/figcaption><\/figure>\n\n\n\n<p><br>En 1817, un plan fut donc dress\u00e9 pour d\u00e9finir les zones \u00e0 exproprier. Un exemplaire de celui-ci, intitul\u00e9 <em>Etat des propri\u00e9t\u00e9s \u00e0 occuper pour l&rsquo;\u00e9tablissement d&rsquo;un fort sur la chartreuse pr\u00e8s de la ville de Li\u00e8ge<\/em>, est conserv\u00e9 dans les archives de l\u2019<em>Universit\u00e9 de Li\u00e8ge<\/em>.<\/p>\n\n\n\n<p>Dans ces m\u00eames archives, un plan d\u00e9calqu\u00e9 et donc plus lisible est joint \u00e0 cette pi\u00e8ce historique.<\/p>\n\n\n\n<p>C\u2019est ce plan qu\u2019a reproduit <strong>Jacques Li\u00e9nard<\/strong> dans son ouvrage <em><a href=\"http:\/\/www.lachartreuse.org\/web\/1690-1817-hameau-de-peville-histoire-de-la-chartreuse\/\">1690-1817, Hameau de P\u00e9ville, Histoire de la Chartreuse<\/a><\/em>, publi\u00e9 par notre ASBL en 1991. Il y \u00e9tudie en d\u00e9tail ces expropriations.<\/p>\n\n\n\n<figure class=\"wp-block-image aligncenter\"><a href=\"http:\/\/www.lachartreuse.org\/web\/wp-content\/uploads\/2018\/03\/plan-1818-chartreuse-croquis-1761x2048x96dpi.jpg\"><img loading=\"lazy\" decoding=\"async\" width=\"1761\" height=\"2048\" src=\"http:\/\/www.lachartreuse.org\/web\/wp-content\/uploads\/2018\/03\/plan-1818-chartreuse-croquis-1761x2048x96dpi.jpg\" alt=\"\" class=\"wp-image-2831\" srcset=\"http:\/\/www.lachartreuse.org\/web\/wp-content\/uploads\/2018\/03\/plan-1818-chartreuse-croquis-1761x2048x96dpi.jpg 1761w, http:\/\/www.lachartreuse.org\/web\/wp-content\/uploads\/2018\/03\/plan-1818-chartreuse-croquis-1761x2048x96dpi-258x300.jpg 258w, http:\/\/www.lachartreuse.org\/web\/wp-content\/uploads\/2018\/03\/plan-1818-chartreuse-croquis-1761x2048x96dpi-881x1024.jpg 881w, http:\/\/www.lachartreuse.org\/web\/wp-content\/uploads\/2018\/03\/plan-1818-chartreuse-croquis-1761x2048x96dpi-768x893.jpg 768w, http:\/\/www.lachartreuse.org\/web\/wp-content\/uploads\/2018\/03\/plan-1818-chartreuse-croquis-1761x2048x96dpi-1321x1536.jpg 1321w\" sizes=\"auto, (max-width: 1761px) 100vw, 1761px\" \/><\/a><figcaption class=\"wp-element-caption\">Calque du plan de 1818<br>Cliquez pour agrandir<\/figcaption><\/figure>\n\n\n\n<p>On y liste les propri\u00e9taires des diff\u00e9rentes parcelles cadastrales \u00e0 occuper. Le plus connu est sans nul doute <strong>L\u00e9onard-Joseph Lambinon<\/strong>. Notaire venant de Fayenbois, il s\u2019installe en 1797 dans cette ancienne ferme. Le b\u00e2timent fut expropri\u00e9 mais contrairement aux autres il ne fut pas d\u00e9moli.<\/p>\n\n\n\n<hr class=\"wp-block-separator has-alpha-channel-opacity\"\/>\n\n\n\n<p>Andr\u00e9 Rombauts<\/p>\n<div class=\"pdfprnt-buttons pdfprnt-buttons-post pdfprnt-bottom-right\"><a href=\"http:\/\/www.lachartreuse.org\/web\/wp-json\/wp\/v2\/posts\/2828?print=pdf\" class=\"pdfprnt-button pdfprnt-button-pdf\" target=\"_blank\" ><img decoding=\"async\" src=\"http:\/\/www.lachartreuse.org\/web\/wp-content\/plugins\/pdf-print\/images\/pdf.png\" alt=\"image_pdf\" title=\"T\u00e9l\u00e9charger le PDF\" \/><\/a><a href=\"http:\/\/www.lachartreuse.org\/web\/wp-json\/wp\/v2\/posts\/2828?print=print\" class=\"pdfprnt-button pdfprnt-button-print\" target=\"_blank\" ><img decoding=\"async\" src=\"http:\/\/www.lachartreuse.org\/web\/wp-content\/plugins\/pdf-print\/images\/print.png\" alt=\"image_print\" title=\"Contenu imprim\u00e9\" \/><\/a><\/div>","protected":false},"excerpt":{"rendered":"<p>&nbsp;T\u00e9l\u00e9chargez la version PDF de cet article. L\u2019implantation du fort hollandais devant se faire sur le plateau de P\u00e9ville, le hameau allait donc disparaitre. Depuis 1796, P\u00e9ville ne faisait plus partie de la banlieue de la Ville mais \u00e9tait rattach\u00e9 \u00e0 la nouvelle commune de Grivegn\u00e9e. Comprenant beaucoup de terres labourables, le plateau \u00e9tait peu [&hellip;]<\/p>\n","protected":false},"author":6,"featured_media":2835,"comment_status":"closed","ping_status":"open","sticky":false,"template":"","format":"standard","meta":{"_eb_attr":"","_uag_custom_page_level_css":"","site-sidebar-layout":"default","site-content-layout":"","ast-site-content-layout":"default","site-content-style":"default","site-sidebar-style":"default","ast-global-header-display":"","ast-banner-title-visibility":"","ast-main-header-display":"","ast-hfb-above-header-display":"","ast-hfb-below-header-display":"","ast-hfb-mobile-header-display":"","site-post-title":"","ast-breadcrumbs-content":"","ast-featured-img":"","footer-sml-layout":"","ast-disable-related-posts":"","theme-transparent-header-meta":"","adv-header-id-meta":"","stick-header-meta":"","header-above-stick-meta":"","header-main-stick-meta":"","header-below-stick-meta":"","astra-migrate-meta-layouts":"default","ast-page-background-enabled":"default","ast-page-background-meta":{"desktop":{"background-color":"var(--ast-global-color-4)","background-image":"","background-repeat":"repeat","background-position":"center center","background-size":"auto","background-attachment":"scroll","background-type":"","background-media":"","overlay-type":"","overlay-color":"","overlay-opacity":"","overlay-gradient":""},"tablet":{"background-color":"","background-image":"","background-repeat":"repeat","background-position":"center center","background-size":"auto","background-attachment":"scroll","background-type":"","background-media":"","overlay-type":"","overlay-color":"","overlay-opacity":"","overlay-gradient":""},"mobile":{"background-color":"","background-image":"","background-repeat":"repeat","background-position":"center center","background-size":"auto","background-attachment":"scroll","background-type":"","background-media":"","overlay-type":"","overlay-color":"","overlay-opacity":"","overlay-gradient":""}},"ast-content-background-meta":{"desktop":{"background-color":"var(--ast-global-color-5)","background-image":"","background-repeat":"repeat","background-position":"center center","background-size":"auto","background-attachment":"scroll","background-type":"","background-media":"","overlay-type":"","overlay-color":"","overlay-opacity":"","overlay-gradient":""},"tablet":{"background-color":"var(--ast-global-color-5)","background-image":"","background-repeat":"repeat","background-position":"center center","background-size":"auto","background-attachment":"scroll","background-type":"","background-media":"","overlay-type":"","overlay-color":"","overlay-opacity":"","overlay-gradient":""},"mobile":{"background-color":"var(--ast-global-color-5)","background-image":"","background-repeat":"repeat","background-position":"center center","background-size":"auto","background-attachment":"scroll","background-type":"","background-media":"","overlay-type":"","overlay-color":"","overlay-opacity":"","overlay-gradient":""}},"footnotes":""},"categories":[7],"tags":[],"class_list":["post-2828","post","type-post","status-publish","format-standard","has-post-thumbnail","hentry","category-au-fil-des-jours"],"featured_image_src":"http:\/\/www.lachartreuse.org\/web\/wp-content\/uploads\/2018\/03\/plan-1818-chartreuse-280x150x96dpi.jpg","author_info":{"display_name":"Pierre Michaux","author_link":"http:\/\/www.lachartreuse.org\/web\/author\/pmichaux\/"},"uagb_featured_image_src":{"full":["http:\/\/www.lachartreuse.org\/web\/wp-content\/uploads\/2018\/03\/plan-1818-chartreuse-280x150x96dpi.jpg",280,150,false],"thumbnail":["http:\/\/www.lachartreuse.org\/web\/wp-content\/uploads\/2018\/03\/plan-1818-chartreuse-280x150x96dpi-150x150.jpg",150,150,true],"medium":["http:\/\/www.lachartreuse.org\/web\/wp-content\/uploads\/2018\/03\/plan-1818-chartreuse-280x150x96dpi.jpg",280,150,false],"medium_large":["http:\/\/www.lachartreuse.org\/web\/wp-content\/uploads\/2018\/03\/plan-1818-chartreuse-280x150x96dpi.jpg",280,150,false],"large":["http:\/\/www.lachartreuse.org\/web\/wp-content\/uploads\/2018\/03\/plan-1818-chartreuse-280x150x96dpi.jpg",280,150,false],"1536x1536":["http:\/\/www.lachartreuse.org\/web\/wp-content\/uploads\/2018\/03\/plan-1818-chartreuse-280x150x96dpi.jpg",280,150,false],"2048x2048":["http:\/\/www.lachartreuse.org\/web\/wp-content\/uploads\/2018\/03\/plan-1818-chartreuse-280x150x96dpi.jpg",280,150,false]},"uagb_author_info":{"display_name":"Pierre Michaux","author_link":"http:\/\/www.lachartreuse.org\/web\/author\/pmichaux\/"},"uagb_comment_info":0,"uagb_excerpt":"&nbsp;T\u00e9l\u00e9chargez la version PDF de cet article. L\u2019implantation du fort hollandais devant se faire sur le plateau de P\u00e9ville, le hameau allait donc disparaitre. Depuis 1796, P\u00e9ville ne faisait plus partie de la banlieue de la Ville mais \u00e9tait rattach\u00e9 \u00e0 la nouvelle commune de Grivegn\u00e9e. Comprenant beaucoup de terres labourables, le plateau \u00e9tait peu\u2026","_links":{"self":[{"href":"http:\/\/www.lachartreuse.org\/web\/wp-json\/wp\/v2\/posts\/2828","targetHints":{"allow":["GET"]}}],"collection":[{"href":"http:\/\/www.lachartreuse.org\/web\/wp-json\/wp\/v2\/posts"}],"about":[{"href":"http:\/\/www.lachartreuse.org\/web\/wp-json\/wp\/v2\/types\/post"}],"author":[{"embeddable":true,"href":"http:\/\/www.lachartreuse.org\/web\/wp-json\/wp\/v2\/users\/6"}],"replies":[{"embeddable":true,"href":"http:\/\/www.lachartreuse.org\/web\/wp-json\/wp\/v2\/comments?post=2828"}],"version-history":[{"count":1,"href":"http:\/\/www.lachartreuse.org\/web\/wp-json\/wp\/v2\/posts\/2828\/revisions"}],"predecessor-version":[{"id":29188,"href":"http:\/\/www.lachartreuse.org\/web\/wp-json\/wp\/v2\/posts\/2828\/revisions\/29188"}],"wp:featuredmedia":[{"embeddable":true,"href":"http:\/\/www.lachartreuse.org\/web\/wp-json\/wp\/v2\/media\/2835"}],"wp:attachment":[{"href":"http:\/\/www.lachartreuse.org\/web\/wp-json\/wp\/v2\/media?parent=2828"}],"wp:term":[{"taxonomy":"category","embeddable":true,"href":"http:\/\/www.lachartreuse.org\/web\/wp-json\/wp\/v2\/categories?post=2828"},{"taxonomy":"post_tag","embeddable":true,"href":"http:\/\/www.lachartreuse.org\/web\/wp-json\/wp\/v2\/tags?post=2828"}],"curies":[{"name":"wp","href":"https:\/\/api.w.org\/{rel}","templated":true}]}}