{"id":2812,"date":"2018-04-11T00:00:17","date_gmt":"2018-04-10T22:00:17","guid":{"rendered":"http:\/\/www.lachartreuse.org\/web\/?p=2812"},"modified":"2023-08-04T20:04:44","modified_gmt":"2023-08-04T18:04:44","slug":"le-fort-en-1835","status":"publish","type":"post","link":"http:\/\/www.lachartreuse.org\/web\/le-fort-en-1835\/","title":{"rendered":"Le fort en 1835"},"content":{"rendered":"\n<p>&nbsp;<br><strong><a href=\"https:\/\/www.dropbox.com\/s\/z1tf8c8bxhgm1ow\/article-le-fort-en-1835.pdf?raw=1\">T\u00e9l\u00e9chargez la version PDF de cet article<\/a><\/strong>.<\/p>\n\n\n\n<figure class=\"wp-block-image aligncenter\"><a href=\"http:\/\/www.lachartreuse.org\/web\/wp-content\/uploads\/2018\/03\/plan-de-liege-ouest-1835-vreurick-2048.jpg\"><img loading=\"lazy\" decoding=\"async\" width=\"2048\" height=\"1511\" src=\"http:\/\/www.lachartreuse.org\/web\/wp-content\/uploads\/2018\/03\/plan-de-liege-ouest-1835-vreurick-2048.jpg\" alt=\"\" class=\"wp-image-2816\" srcset=\"http:\/\/www.lachartreuse.org\/web\/wp-content\/uploads\/2018\/03\/plan-de-liege-ouest-1835-vreurick-2048.jpg 2048w, http:\/\/www.lachartreuse.org\/web\/wp-content\/uploads\/2018\/03\/plan-de-liege-ouest-1835-vreurick-2048-300x221.jpg 300w, http:\/\/www.lachartreuse.org\/web\/wp-content\/uploads\/2018\/03\/plan-de-liege-ouest-1835-vreurick-2048-1024x756.jpg 1024w, http:\/\/www.lachartreuse.org\/web\/wp-content\/uploads\/2018\/03\/plan-de-liege-ouest-1835-vreurick-2048-768x567.jpg 768w, http:\/\/www.lachartreuse.org\/web\/wp-content\/uploads\/2018\/03\/plan-de-liege-ouest-1835-vreurick-2048-1536x1133.jpg 1536w\" sizes=\"auto, (max-width: 2048px) 100vw, 2048px\" \/><\/a><figcaption class=\"wp-element-caption\">Plan des environs de Li\u00e8ge, 1835<br>Cliquez pour agrandir<\/figcaption><\/figure>\n\n\n\n<p>Dress\u00e9 en juin 1835 par l&rsquo;ing\u00e9nieur v\u00e9rificateur du cadastre et dessin\u00e9 par <strong>L.N. Vrerick<\/strong> ce plan au 10.000e (65 x 45 cm) conserv\u00e9 aux archives de l&rsquo;<em>Universit\u00e9 de Li\u00e8ge<\/em>, nous montre un ville o\u00f9 les espaces non construits sont encore fort vastes. Face \u00e0 la <em>Citadelle<\/em>, le <em>Fort de la Chartreuse<\/em>, achev\u00e9 depuis 7 ans.<\/p>\n\n\n\n<figure class=\"wp-block-image aligncenter\"><a href=\"http:\/\/www.lachartreuse.org\/web\/wp-content\/uploads\/2018\/03\/plan-de-liege-ouest-1835-vreurick-zoom-chartreuse-2048.jpg\"><img loading=\"lazy\" decoding=\"async\" width=\"2048\" height=\"1512\" src=\"http:\/\/www.lachartreuse.org\/web\/wp-content\/uploads\/2018\/03\/plan-de-liege-ouest-1835-vreurick-zoom-chartreuse-2048.jpg\" alt=\"\" class=\"wp-image-2820\" srcset=\"http:\/\/www.lachartreuse.org\/web\/wp-content\/uploads\/2018\/03\/plan-de-liege-ouest-1835-vreurick-zoom-chartreuse-2048.jpg 2048w, http:\/\/www.lachartreuse.org\/web\/wp-content\/uploads\/2018\/03\/plan-de-liege-ouest-1835-vreurick-zoom-chartreuse-2048-300x221.jpg 300w, http:\/\/www.lachartreuse.org\/web\/wp-content\/uploads\/2018\/03\/plan-de-liege-ouest-1835-vreurick-zoom-chartreuse-2048-1024x756.jpg 1024w, http:\/\/www.lachartreuse.org\/web\/wp-content\/uploads\/2018\/03\/plan-de-liege-ouest-1835-vreurick-zoom-chartreuse-2048-768x567.jpg 768w, http:\/\/www.lachartreuse.org\/web\/wp-content\/uploads\/2018\/03\/plan-de-liege-ouest-1835-vreurick-zoom-chartreuse-2048-1536x1134.jpg 1536w\" sizes=\"auto, (max-width: 2048px) 100vw, 2048px\" \/><\/a><figcaption class=\"wp-element-caption\">Zoom sur le fort dans le plan des environs de Li\u00e8ge, 1835<br>Cliquez pour agrandir<\/figcaption><\/figure>\n\n\n\n<p>On remarque sur le plan que la limite entre Li\u00e8ge et Grivegn\u00e9e court de la fin de l&rsquo;actuelle rue des Fusill\u00e9s jusqu&rsquo;au d\u00e9but de la descente du thier de la Chartreuse puis \u00e9pouse les contours du fort pour ensuite suivre un chemin qui descend jusque la rue du beau Mur.<\/p>\n\n\n\n<hr class=\"wp-block-separator has-alpha-channel-opacity\"\/>\n\n\n\n<p>Andr\u00e9 Rombauts<\/p>\n<div class=\"pdfprnt-buttons pdfprnt-buttons-post pdfprnt-bottom-right\"><a href=\"http:\/\/www.lachartreuse.org\/web\/wp-json\/wp\/v2\/posts\/2812?print=pdf\" class=\"pdfprnt-button pdfprnt-button-pdf\" target=\"_blank\" ><img decoding=\"async\" src=\"http:\/\/www.lachartreuse.org\/web\/wp-content\/plugins\/pdf-print\/images\/pdf.png\" alt=\"image_pdf\" title=\"T\u00e9l\u00e9charger le PDF\" \/><\/a><a href=\"http:\/\/www.lachartreuse.org\/web\/wp-json\/wp\/v2\/posts\/2812?print=print\" class=\"pdfprnt-button pdfprnt-button-print\" target=\"_blank\" ><img decoding=\"async\" src=\"http:\/\/www.lachartreuse.org\/web\/wp-content\/plugins\/pdf-print\/images\/print.png\" alt=\"image_print\" title=\"Contenu imprim\u00e9\" \/><\/a><\/div>","protected":false},"excerpt":{"rendered":"<p>&nbsp;T\u00e9l\u00e9chargez la version PDF de cet article. Dress\u00e9 en juin 1835 par l&rsquo;ing\u00e9nieur v\u00e9rificateur du cadastre et dessin\u00e9 par L.N. Vrerick ce plan au 10.000e (65 x 45 cm) conserv\u00e9 aux archives de l&rsquo;Universit\u00e9 de Li\u00e8ge, nous montre un ville o\u00f9 les espaces non construits sont encore fort vastes. Face \u00e0 la Citadelle, le Fort [&hellip;]<\/p>\n","protected":false},"author":6,"featured_media":2813,"comment_status":"closed","ping_status":"open","sticky":false,"template":"","format":"standard","meta":{"_eb_attr":"","_uag_custom_page_level_css":"","site-sidebar-layout":"default","site-content-layout":"","ast-site-content-layout":"default","site-content-style":"default","site-sidebar-style":"default","ast-global-header-display":"","ast-banner-title-visibility":"","ast-main-header-display":"","ast-hfb-above-header-display":"","ast-hfb-below-header-display":"","ast-hfb-mobile-header-display":"","site-post-title":"","ast-breadcrumbs-content":"","ast-featured-img":"","footer-sml-layout":"","ast-disable-related-posts":"","theme-transparent-header-meta":"","adv-header-id-meta":"","stick-header-meta":"","header-above-stick-meta":"","header-main-stick-meta":"","header-below-stick-meta":"","astra-migrate-meta-layouts":"default","ast-page-background-enabled":"default","ast-page-background-meta":{"desktop":{"background-color":"var(--ast-global-color-4)","background-image":"","background-repeat":"repeat","background-position":"center center","background-size":"auto","background-attachment":"scroll","background-type":"","background-media":"","overlay-type":"","overlay-color":"","overlay-opacity":"","overlay-gradient":""},"tablet":{"background-color":"","background-image":"","background-repeat":"repeat","background-position":"center center","background-size":"auto","background-attachment":"scroll","background-type":"","background-media":"","overlay-type":"","overlay-color":"","overlay-opacity":"","overlay-gradient":""},"mobile":{"background-color":"","background-image":"","background-repeat":"repeat","background-position":"center center","background-size":"auto","background-attachment":"scroll","background-type":"","background-media":"","overlay-type":"","overlay-color":"","overlay-opacity":"","overlay-gradient":""}},"ast-content-background-meta":{"desktop":{"background-color":"var(--ast-global-color-5)","background-image":"","background-repeat":"repeat","background-position":"center center","background-size":"auto","background-attachment":"scroll","background-type":"","background-media":"","overlay-type":"","overlay-color":"","overlay-opacity":"","overlay-gradient":""},"tablet":{"background-color":"var(--ast-global-color-5)","background-image":"","background-repeat":"repeat","background-position":"center center","background-size":"auto","background-attachment":"scroll","background-type":"","background-media":"","overlay-type":"","overlay-color":"","overlay-opacity":"","overlay-gradient":""},"mobile":{"background-color":"var(--ast-global-color-5)","background-image":"","background-repeat":"repeat","background-position":"center center","background-size":"auto","background-attachment":"scroll","background-type":"","background-media":"","overlay-type":"","overlay-color":"","overlay-opacity":"","overlay-gradient":""}},"footnotes":""},"categories":[7],"tags":[],"class_list":["post-2812","post","type-post","status-publish","format-standard","has-post-thumbnail","hentry","category-au-fil-des-jours"],"featured_image_src":"http:\/\/www.lachartreuse.org\/web\/wp-content\/uploads\/2018\/03\/plan-de-liege-ouest-1835-vreurick-zoom-chartreuse-vignette.jpg","author_info":{"display_name":"Pierre Michaux","author_link":"http:\/\/www.lachartreuse.org\/web\/author\/pmichaux\/"},"uagb_featured_image_src":{"full":["http:\/\/www.lachartreuse.org\/web\/wp-content\/uploads\/2018\/03\/plan-de-liege-ouest-1835-vreurick-zoom-chartreuse-vignette.jpg",280,150,false],"thumbnail":["http:\/\/www.lachartreuse.org\/web\/wp-content\/uploads\/2018\/03\/plan-de-liege-ouest-1835-vreurick-zoom-chartreuse-vignette-150x150.jpg",150,150,true],"medium":["http:\/\/www.lachartreuse.org\/web\/wp-content\/uploads\/2018\/03\/plan-de-liege-ouest-1835-vreurick-zoom-chartreuse-vignette.jpg",280,150,false],"medium_large":["http:\/\/www.lachartreuse.org\/web\/wp-content\/uploads\/2018\/03\/plan-de-liege-ouest-1835-vreurick-zoom-chartreuse-vignette.jpg",280,150,false],"large":["http:\/\/www.lachartreuse.org\/web\/wp-content\/uploads\/2018\/03\/plan-de-liege-ouest-1835-vreurick-zoom-chartreuse-vignette.jpg",280,150,false],"1536x1536":["http:\/\/www.lachartreuse.org\/web\/wp-content\/uploads\/2018\/03\/plan-de-liege-ouest-1835-vreurick-zoom-chartreuse-vignette.jpg",280,150,false],"2048x2048":["http:\/\/www.lachartreuse.org\/web\/wp-content\/uploads\/2018\/03\/plan-de-liege-ouest-1835-vreurick-zoom-chartreuse-vignette.jpg",280,150,false]},"uagb_author_info":{"display_name":"Pierre Michaux","author_link":"http:\/\/www.lachartreuse.org\/web\/author\/pmichaux\/"},"uagb_comment_info":0,"uagb_excerpt":"&nbsp;T\u00e9l\u00e9chargez la version PDF de cet article. Dress\u00e9 en juin 1835 par l&rsquo;ing\u00e9nieur v\u00e9rificateur du cadastre et dessin\u00e9 par L.N. Vrerick ce plan au 10.000e (65 x 45 cm) conserv\u00e9 aux archives de l&rsquo;Universit\u00e9 de Li\u00e8ge, nous montre un ville o\u00f9 les espaces non construits sont encore fort vastes. Face \u00e0 la Citadelle, le Fort\u2026","_links":{"self":[{"href":"http:\/\/www.lachartreuse.org\/web\/wp-json\/wp\/v2\/posts\/2812","targetHints":{"allow":["GET"]}}],"collection":[{"href":"http:\/\/www.lachartreuse.org\/web\/wp-json\/wp\/v2\/posts"}],"about":[{"href":"http:\/\/www.lachartreuse.org\/web\/wp-json\/wp\/v2\/types\/post"}],"author":[{"embeddable":true,"href":"http:\/\/www.lachartreuse.org\/web\/wp-json\/wp\/v2\/users\/6"}],"replies":[{"embeddable":true,"href":"http:\/\/www.lachartreuse.org\/web\/wp-json\/wp\/v2\/comments?post=2812"}],"version-history":[{"count":1,"href":"http:\/\/www.lachartreuse.org\/web\/wp-json\/wp\/v2\/posts\/2812\/revisions"}],"predecessor-version":[{"id":29189,"href":"http:\/\/www.lachartreuse.org\/web\/wp-json\/wp\/v2\/posts\/2812\/revisions\/29189"}],"wp:featuredmedia":[{"embeddable":true,"href":"http:\/\/www.lachartreuse.org\/web\/wp-json\/wp\/v2\/media\/2813"}],"wp:attachment":[{"href":"http:\/\/www.lachartreuse.org\/web\/wp-json\/wp\/v2\/media?parent=2812"}],"wp:term":[{"taxonomy":"category","embeddable":true,"href":"http:\/\/www.lachartreuse.org\/web\/wp-json\/wp\/v2\/categories?post=2812"},{"taxonomy":"post_tag","embeddable":true,"href":"http:\/\/www.lachartreuse.org\/web\/wp-json\/wp\/v2\/tags?post=2812"}],"curies":[{"name":"wp","href":"https:\/\/api.w.org\/{rel}","templated":true}]}}