{"id":2333,"date":"2017-10-24T06:36:19","date_gmt":"2017-10-24T04:36:19","guid":{"rendered":"http:\/\/www.lachartreuse.org\/web\/?p=2333"},"modified":"2023-08-04T20:10:14","modified_gmt":"2023-08-04T18:10:14","slug":"quest-ce-qui-est-concerne-par-le-classement-du-site","status":"publish","type":"post","link":"http:\/\/www.lachartreuse.org\/web\/quest-ce-qui-est-concerne-par-le-classement-du-site\/","title":{"rendered":"Qu&rsquo;est-ce qui est concern\u00e9 par le classement du site?"},"content":{"rendered":"\n<p>&nbsp;<br>En juin 1981, \u00e0 la limite de la zone du site avec le thier de la Chartreuse, le Ministre Philippe Busquin classait comme monument l&rsquo; arv\u00f4 du thier de la Chartreuse.<\/p>\n\n\n\n<p>En mai 1982, bien qu&rsquo;en dehors du p\u00e9rim\u00e8tre du site de la Chartreuse, signalons que le Ministre Philippe Moureaux classait comme monument la ferme conventuelle des Chartreux du thier de la Chartreuse.<\/p>\n\n\n\n<p>En aout 1988, le Ministre Philippe Busquin classait comme monument le monument du 1er R\u00e9giment de Ligne.<\/p>\n\n\n\n<p>En janvier 1989, le Ministre Valmy F\u00e9aux classait comme site la parcelle du Bastion des Fusill\u00e9s et comme monument l&rsquo;autel, la croix et le monument situ\u00e9s sur cette parcelle.<\/p>\n\n\n\n<p>En octobre 1991, le Ministre Albert Li\u00e9nard classait la totalit\u00e9 du site du Parc de la Chartreuse et de l&rsquo;ancien Fort comme site.<\/p>\n\n\n\n<figure class=\"wp-block-image aligncenter\"><a href=\"http:\/\/www.lachartreuse.org\/web\/wp-content\/uploads\/plan-classement-site-62063_CLT_224-1991.jpg\"><img decoding=\"async\" src=\"http:\/\/www.lachartreuse.org\/web\/wp-content\/uploads\/plan-classement-site-62063_CLT_224-1991.jpg\" alt=\"\" class=\"wp-image-2339\"\/><\/a><figcaption class=\"wp-element-caption\">Plan annex\u00e9 \u00e0 l&rsquo;arr\u00eat\u00e9 de classement de 1991<\/figcaption><\/figure>\n\n\n\n<p><br>Dans l&rsquo;arr\u00eat\u00e9, on y lit que le territoire d\u00e9limit\u00e9 est class\u00e9 comme site. Les b\u00e2timents du fort et de la caserne ne sont pas class\u00e9s. D&rsquo;apr\u00e8s nos informations, le site resterait class\u00e9 m\u00eame si on y r\u00e9alise des constructions, celles-ci devant \u00eatre autoris\u00e9es et la Commission Royale des Monuments, Sites et Fouilles devant donner son avis.<\/p>\n\n\n\n<figure class=\"wp-block-image aligncenter\"><a href=\"http:\/\/www.lachartreuse.org\/web\/wp-content\/uploads\/arrete-classement-site-62063_CLT_224-1991-1.jpg\"><img decoding=\"async\" src=\"http:\/\/www.lachartreuse.org\/web\/wp-content\/uploads\/arrete-classement-site-62063_CLT_224-1991-1.jpg\" alt=\"\" class=\"wp-image-2341\"\/><\/a><figcaption class=\"wp-element-caption\">Arr\u00eat\u00e9 de classement de 1991, page 1<\/figcaption><\/figure>\n\n\n\n<figure class=\"wp-block-image aligncenter\"><a href=\"http:\/\/www.lachartreuse.org\/web\/wp-content\/uploads\/arrete-classement-site-62063_CLT_224-1991-2.jpg\"><img decoding=\"async\" src=\"http:\/\/www.lachartreuse.org\/web\/wp-content\/uploads\/arrete-classement-site-62063_CLT_224-1991-2.jpg\" alt=\"\" class=\"wp-image-2343\"\/><\/a><figcaption class=\"wp-element-caption\">Arr\u00eat\u00e9 de classement de 1991, page 2<\/figcaption><\/figure>\n\n\n\n<hr class=\"wp-block-separator has-alpha-channel-opacity\"\/>\n<div class=\"pdfprnt-buttons pdfprnt-buttons-post pdfprnt-bottom-right\"><a href=\"http:\/\/www.lachartreuse.org\/web\/wp-json\/wp\/v2\/posts\/2333?print=pdf\" class=\"pdfprnt-button pdfprnt-button-pdf\" target=\"_blank\" ><img decoding=\"async\" src=\"http:\/\/www.lachartreuse.org\/web\/wp-content\/plugins\/pdf-print\/images\/pdf.png\" alt=\"image_pdf\" title=\"T\u00e9l\u00e9charger le PDF\" \/><\/a><a href=\"http:\/\/www.lachartreuse.org\/web\/wp-json\/wp\/v2\/posts\/2333?print=print\" class=\"pdfprnt-button pdfprnt-button-print\" target=\"_blank\" ><img decoding=\"async\" src=\"http:\/\/www.lachartreuse.org\/web\/wp-content\/plugins\/pdf-print\/images\/print.png\" alt=\"image_print\" title=\"Contenu imprim\u00e9\" \/><\/a><\/div>","protected":false},"excerpt":{"rendered":"<p>&nbsp;En juin 1981, \u00e0 la limite de la zone du site avec le thier de la Chartreuse, le Ministre Philippe Busquin classait comme monument l&rsquo; arv\u00f4 du thier de la Chartreuse. En mai 1982, bien qu&rsquo;en dehors du p\u00e9rim\u00e8tre du site de la Chartreuse, signalons que le Ministre Philippe Moureaux classait comme monument la ferme [&hellip;]<\/p>\n","protected":false},"author":6,"featured_media":2364,"comment_status":"closed","ping_status":"open","sticky":false,"template":"","format":"standard","meta":{"_eb_attr":"","_uag_custom_page_level_css":"","site-sidebar-layout":"default","site-content-layout":"","ast-site-content-layout":"default","site-content-style":"default","site-sidebar-style":"default","ast-global-header-display":"","ast-banner-title-visibility":"","ast-main-header-display":"","ast-hfb-above-header-display":"","ast-hfb-below-header-display":"","ast-hfb-mobile-header-display":"","site-post-title":"","ast-breadcrumbs-content":"","ast-featured-img":"","footer-sml-layout":"","ast-disable-related-posts":"","theme-transparent-header-meta":"","adv-header-id-meta":"","stick-header-meta":"","header-above-stick-meta":"","header-main-stick-meta":"","header-below-stick-meta":"","astra-migrate-meta-layouts":"default","ast-page-background-enabled":"default","ast-page-background-meta":{"desktop":{"background-color":"var(--ast-global-color-4)","background-image":"","background-repeat":"repeat","background-position":"center center","background-size":"auto","background-attachment":"scroll","background-type":"","background-media":"","overlay-type":"","overlay-color":"","overlay-opacity":"","overlay-gradient":""},"tablet":{"background-color":"","background-image":"","background-repeat":"repeat","background-position":"center center","background-size":"auto","background-attachment":"scroll","background-type":"","background-media":"","overlay-type":"","overlay-color":"","overlay-opacity":"","overlay-gradient":""},"mobile":{"background-color":"","background-image":"","background-repeat":"repeat","background-position":"center center","background-size":"auto","background-attachment":"scroll","background-type":"","background-media":"","overlay-type":"","overlay-color":"","overlay-opacity":"","overlay-gradient":""}},"ast-content-background-meta":{"desktop":{"background-color":"var(--ast-global-color-5)","background-image":"","background-repeat":"repeat","background-position":"center center","background-size":"auto","background-attachment":"scroll","background-type":"","background-media":"","overlay-type":"","overlay-color":"","overlay-opacity":"","overlay-gradient":""},"tablet":{"background-color":"var(--ast-global-color-5)","background-image":"","background-repeat":"repeat","background-position":"center center","background-size":"auto","background-attachment":"scroll","background-type":"","background-media":"","overlay-type":"","overlay-color":"","overlay-opacity":"","overlay-gradient":""},"mobile":{"background-color":"var(--ast-global-color-5)","background-image":"","background-repeat":"repeat","background-position":"center center","background-size":"auto","background-attachment":"scroll","background-type":"","background-media":"","overlay-type":"","overlay-color":"","overlay-opacity":"","overlay-gradient":""}},"footnotes":""},"categories":[7],"tags":[],"class_list":["post-2333","post","type-post","status-publish","format-standard","has-post-thumbnail","hentry","category-au-fil-des-jours"],"featured_image_src":"http:\/\/www.lachartreuse.org\/web\/wp-content\/uploads\/2017\/10\/plan-classement-site-62063_CLT_224-1991-vignette.jpg","author_info":{"display_name":"Pierre Michaux","author_link":"http:\/\/www.lachartreuse.org\/web\/author\/pmichaux\/"},"uagb_featured_image_src":{"full":["http:\/\/www.lachartreuse.org\/web\/wp-content\/uploads\/2017\/10\/plan-classement-site-62063_CLT_224-1991-vignette.jpg",280,150,false],"thumbnail":["http:\/\/www.lachartreuse.org\/web\/wp-content\/uploads\/2017\/10\/plan-classement-site-62063_CLT_224-1991-vignette-150x150.jpg",150,150,true],"medium":["http:\/\/www.lachartreuse.org\/web\/wp-content\/uploads\/2017\/10\/plan-classement-site-62063_CLT_224-1991-vignette.jpg",280,150,false],"medium_large":["http:\/\/www.lachartreuse.org\/web\/wp-content\/uploads\/2017\/10\/plan-classement-site-62063_CLT_224-1991-vignette.jpg",280,150,false],"large":["http:\/\/www.lachartreuse.org\/web\/wp-content\/uploads\/2017\/10\/plan-classement-site-62063_CLT_224-1991-vignette.jpg",280,150,false],"1536x1536":["http:\/\/www.lachartreuse.org\/web\/wp-content\/uploads\/2017\/10\/plan-classement-site-62063_CLT_224-1991-vignette.jpg",280,150,false],"2048x2048":["http:\/\/www.lachartreuse.org\/web\/wp-content\/uploads\/2017\/10\/plan-classement-site-62063_CLT_224-1991-vignette.jpg",280,150,false]},"uagb_author_info":{"display_name":"Pierre Michaux","author_link":"http:\/\/www.lachartreuse.org\/web\/author\/pmichaux\/"},"uagb_comment_info":0,"uagb_excerpt":"&nbsp;En juin 1981, \u00e0 la limite de la zone du site avec le thier de la Chartreuse, le Ministre Philippe Busquin classait comme monument l&rsquo; arv\u00f4 du thier de la Chartreuse. En mai 1982, bien qu&rsquo;en dehors du p\u00e9rim\u00e8tre du site de la Chartreuse, signalons que le Ministre Philippe Moureaux classait comme monument la ferme\u2026","_links":{"self":[{"href":"http:\/\/www.lachartreuse.org\/web\/wp-json\/wp\/v2\/posts\/2333","targetHints":{"allow":["GET"]}}],"collection":[{"href":"http:\/\/www.lachartreuse.org\/web\/wp-json\/wp\/v2\/posts"}],"about":[{"href":"http:\/\/www.lachartreuse.org\/web\/wp-json\/wp\/v2\/types\/post"}],"author":[{"embeddable":true,"href":"http:\/\/www.lachartreuse.org\/web\/wp-json\/wp\/v2\/users\/6"}],"replies":[{"embeddable":true,"href":"http:\/\/www.lachartreuse.org\/web\/wp-json\/wp\/v2\/comments?post=2333"}],"version-history":[{"count":1,"href":"http:\/\/www.lachartreuse.org\/web\/wp-json\/wp\/v2\/posts\/2333\/revisions"}],"predecessor-version":[{"id":29208,"href":"http:\/\/www.lachartreuse.org\/web\/wp-json\/wp\/v2\/posts\/2333\/revisions\/29208"}],"wp:featuredmedia":[{"embeddable":true,"href":"http:\/\/www.lachartreuse.org\/web\/wp-json\/wp\/v2\/media\/2364"}],"wp:attachment":[{"href":"http:\/\/www.lachartreuse.org\/web\/wp-json\/wp\/v2\/media?parent=2333"}],"wp:term":[{"taxonomy":"category","embeddable":true,"href":"http:\/\/www.lachartreuse.org\/web\/wp-json\/wp\/v2\/categories?post=2333"},{"taxonomy":"post_tag","embeddable":true,"href":"http:\/\/www.lachartreuse.org\/web\/wp-json\/wp\/v2\/tags?post=2333"}],"curies":[{"name":"wp","href":"https:\/\/api.w.org\/{rel}","templated":true}]}}