{"id":1700,"date":"2008-06-16T00:00:07","date_gmt":"2008-06-15T22:00:07","guid":{"rendered":"http:\/\/www.lachartreuse.org\/web\/?p=1700"},"modified":"2023-08-05T20:20:59","modified_gmt":"2023-08-05T18:20:59","slug":"les-plages-electroniques","status":"publish","type":"post","link":"http:\/\/www.lachartreuse.org\/web\/les-plages-electroniques\/","title":{"rendered":"Les plages \u00e9lectroniques"},"content":{"rendered":"\n<figure class=\"wp-block-image aligncenter\"><a href=\"http:\/\/www.lachartreuse.org\/web\/wp-content\/uploads\/plages-electroniques-full.jpg\"><img loading=\"lazy\" decoding=\"async\" width=\"500\" height=\"718\" src=\"http:\/\/www.lachartreuse.org\/web\/wp-content\/uploads\/plages-electroniques-full.jpg\" alt=\"\" class=\"wp-image-1818\"\/><\/a><figcaption class=\"wp-element-caption\">&nbsp;<\/figcaption><\/figure>\n\n\n\n<p><br>Ce 22 juin, de 13 \u00e0 22h, une manifestation \u00e0 la <strong>Chartreuse<\/strong>.<\/p>\n\n\n\n<p>Nous n&rsquo;en sommes pas les organisateurs, mais comme cette manifestation entre dans ce que nous souhaitons voir se d\u00e9velopper sur les \u00ab\u00a0dalles\u00a0\u00bb de la <strong>Chartreuse<\/strong>, nous vous relayons l&rsquo;invitation.<\/p>\n\n\n\n<p>Contrairement \u00e0 certains autres \u00e9v\u00e9nements de plus ou moins heureuse m\u00e9moire, les organisateurs sont des professionnels aguerris auxquels nous faisons confiance.<\/p>\n\n\n\n<p>Nous aurions voulu vous pr\u00e9venir plus vite, mais les organisateurs ont eu beaucoup de mal \u00e0 se frayer un chemin dans les arcanes administratives et nous n&rsquo;\u00e9tions pas s\u00fbrs du tout que la manifestation aie lieu.<\/p>\n<div class=\"pdfprnt-buttons pdfprnt-buttons-post pdfprnt-bottom-right\"><a href=\"http:\/\/www.lachartreuse.org\/web\/wp-json\/wp\/v2\/posts\/1700?print=pdf\" class=\"pdfprnt-button pdfprnt-button-pdf\" target=\"_blank\" ><img decoding=\"async\" src=\"http:\/\/www.lachartreuse.org\/web\/wp-content\/plugins\/pdf-print\/images\/pdf.png\" alt=\"image_pdf\" title=\"T\u00e9l\u00e9charger le PDF\" \/><\/a><a href=\"http:\/\/www.lachartreuse.org\/web\/wp-json\/wp\/v2\/posts\/1700?print=print\" class=\"pdfprnt-button pdfprnt-button-print\" target=\"_blank\" ><img decoding=\"async\" src=\"http:\/\/www.lachartreuse.org\/web\/wp-content\/plugins\/pdf-print\/images\/print.png\" alt=\"image_print\" title=\"Contenu imprim\u00e9\" \/><\/a><\/div>","protected":false},"excerpt":{"rendered":"<p>Ce 22 juin, de 13 \u00e0 22h, une manifestation \u00e0 la Chartreuse. Nous n&rsquo;en sommes pas les organisateurs, mais comme cette manifestation entre dans ce que nous souhaitons voir se d\u00e9velopper sur les \u00ab\u00a0dalles\u00a0\u00bb de la Chartreuse, nous vous relayons l&rsquo;invitation. Contrairement \u00e0 certains autres \u00e9v\u00e9nements de plus ou moins heureuse m\u00e9moire, les organisateurs sont [&hellip;]<\/p>\n","protected":false},"author":6,"featured_media":1819,"comment_status":"closed","ping_status":"closed","sticky":false,"template":"","format":"standard","meta":{"_eb_attr":"","_uag_custom_page_level_css":"","site-sidebar-layout":"default","site-content-layout":"","ast-site-content-layout":"default","site-content-style":"default","site-sidebar-style":"default","ast-global-header-display":"","ast-banner-title-visibility":"","ast-main-header-display":"","ast-hfb-above-header-display":"","ast-hfb-below-header-display":"","ast-hfb-mobile-header-display":"","site-post-title":"","ast-breadcrumbs-content":"","ast-featured-img":"","footer-sml-layout":"","ast-disable-related-posts":"","theme-transparent-header-meta":"","adv-header-id-meta":"","stick-header-meta":"","header-above-stick-meta":"","header-main-stick-meta":"","header-below-stick-meta":"","astra-migrate-meta-layouts":"default","ast-page-background-enabled":"default","ast-page-background-meta":{"desktop":{"background-color":"var(--ast-global-color-4)","background-image":"","background-repeat":"repeat","background-position":"center center","background-size":"auto","background-attachment":"scroll","background-type":"","background-media":"","overlay-type":"","overlay-color":"","overlay-opacity":"","overlay-gradient":""},"tablet":{"background-color":"","background-image":"","background-repeat":"repeat","background-position":"center center","background-size":"auto","background-attachment":"scroll","background-type":"","background-media":"","overlay-type":"","overlay-color":"","overlay-opacity":"","overlay-gradient":""},"mobile":{"background-color":"","background-image":"","background-repeat":"repeat","background-position":"center center","background-size":"auto","background-attachment":"scroll","background-type":"","background-media":"","overlay-type":"","overlay-color":"","overlay-opacity":"","overlay-gradient":""}},"ast-content-background-meta":{"desktop":{"background-color":"var(--ast-global-color-5)","background-image":"","background-repeat":"repeat","background-position":"center center","background-size":"auto","background-attachment":"scroll","background-type":"","background-media":"","overlay-type":"","overlay-color":"","overlay-opacity":"","overlay-gradient":""},"tablet":{"background-color":"var(--ast-global-color-5)","background-image":"","background-repeat":"repeat","background-position":"center center","background-size":"auto","background-attachment":"scroll","background-type":"","background-media":"","overlay-type":"","overlay-color":"","overlay-opacity":"","overlay-gradient":""},"mobile":{"background-color":"var(--ast-global-color-5)","background-image":"","background-repeat":"repeat","background-position":"center center","background-size":"auto","background-attachment":"scroll","background-type":"","background-media":"","overlay-type":"","overlay-color":"","overlay-opacity":"","overlay-gradient":""}},"footnotes":""},"categories":[7],"tags":[],"class_list":["post-1700","post","type-post","status-publish","format-standard","has-post-thumbnail","hentry","category-au-fil-des-jours"],"featured_image_src":"http:\/\/www.lachartreuse.org\/web\/wp-content\/uploads\/2017\/09\/plages-electroniques-vignettes.jpg","author_info":{"display_name":"Pierre Michaux","author_link":"http:\/\/www.lachartreuse.org\/web\/author\/pmichaux\/"},"uagb_featured_image_src":{"full":["http:\/\/www.lachartreuse.org\/web\/wp-content\/uploads\/2017\/09\/plages-electroniques-vignettes.jpg",280,150,false],"thumbnail":["http:\/\/www.lachartreuse.org\/web\/wp-content\/uploads\/2017\/09\/plages-electroniques-vignettes-150x150.jpg",150,150,true],"medium":["http:\/\/www.lachartreuse.org\/web\/wp-content\/uploads\/2017\/09\/plages-electroniques-vignettes.jpg",280,150,false],"medium_large":["http:\/\/www.lachartreuse.org\/web\/wp-content\/uploads\/2017\/09\/plages-electroniques-vignettes.jpg",280,150,false],"large":["http:\/\/www.lachartreuse.org\/web\/wp-content\/uploads\/2017\/09\/plages-electroniques-vignettes.jpg",280,150,false],"1536x1536":["http:\/\/www.lachartreuse.org\/web\/wp-content\/uploads\/2017\/09\/plages-electroniques-vignettes.jpg",280,150,false],"2048x2048":["http:\/\/www.lachartreuse.org\/web\/wp-content\/uploads\/2017\/09\/plages-electroniques-vignettes.jpg",280,150,false]},"uagb_author_info":{"display_name":"Pierre Michaux","author_link":"http:\/\/www.lachartreuse.org\/web\/author\/pmichaux\/"},"uagb_comment_info":0,"uagb_excerpt":"Ce 22 juin, de 13 \u00e0 22h, une manifestation \u00e0 la Chartreuse. Nous n&rsquo;en sommes pas les organisateurs, mais comme cette manifestation entre dans ce que nous souhaitons voir se d\u00e9velopper sur les \u00ab\u00a0dalles\u00a0\u00bb de la Chartreuse, nous vous relayons l&rsquo;invitation. Contrairement \u00e0 certains autres \u00e9v\u00e9nements de plus ou moins heureuse m\u00e9moire, les organisateurs sont\u2026","_links":{"self":[{"href":"http:\/\/www.lachartreuse.org\/web\/wp-json\/wp\/v2\/posts\/1700","targetHints":{"allow":["GET"]}}],"collection":[{"href":"http:\/\/www.lachartreuse.org\/web\/wp-json\/wp\/v2\/posts"}],"about":[{"href":"http:\/\/www.lachartreuse.org\/web\/wp-json\/wp\/v2\/types\/post"}],"author":[{"embeddable":true,"href":"http:\/\/www.lachartreuse.org\/web\/wp-json\/wp\/v2\/users\/6"}],"replies":[{"embeddable":true,"href":"http:\/\/www.lachartreuse.org\/web\/wp-json\/wp\/v2\/comments?post=1700"}],"version-history":[{"count":1,"href":"http:\/\/www.lachartreuse.org\/web\/wp-json\/wp\/v2\/posts\/1700\/revisions"}],"predecessor-version":[{"id":29279,"href":"http:\/\/www.lachartreuse.org\/web\/wp-json\/wp\/v2\/posts\/1700\/revisions\/29279"}],"wp:featuredmedia":[{"embeddable":true,"href":"http:\/\/www.lachartreuse.org\/web\/wp-json\/wp\/v2\/media\/1819"}],"wp:attachment":[{"href":"http:\/\/www.lachartreuse.org\/web\/wp-json\/wp\/v2\/media?parent=1700"}],"wp:term":[{"taxonomy":"category","embeddable":true,"href":"http:\/\/www.lachartreuse.org\/web\/wp-json\/wp\/v2\/categories?post=1700"},{"taxonomy":"post_tag","embeddable":true,"href":"http:\/\/www.lachartreuse.org\/web\/wp-json\/wp\/v2\/tags?post=1700"}],"curies":[{"name":"wp","href":"https:\/\/api.w.org\/{rel}","templated":true}]}}