{"id":1005,"date":"2016-07-09T00:00:13","date_gmt":"2016-07-08T22:00:13","guid":{"rendered":"http:\/\/www.lachartreuse.org\/web\/?p=1005"},"modified":"2023-08-04T20:20:28","modified_gmt":"2023-08-04T18:20:28","slug":"ouverture-de-larvo-2","status":"publish","type":"post","link":"http:\/\/www.lachartreuse.org\/web\/ouverture-de-larvo-2\/","title":{"rendered":"Ouverture de l&rsquo;Arv\u00f4"},"content":{"rendered":"\n<figure class=\"wp-block-image aligncenter\"><a href=\"http:\/\/www.lachartreuse.org\/web\/wp-content\/uploads\/arvo-full.jpg\"><img loading=\"lazy\" decoding=\"async\" width=\"1280\" height=\"849\" src=\"http:\/\/www.lachartreuse.org\/web\/wp-content\/uploads\/arvo-full.jpg\" alt=\"\" class=\"wp-image-1259\"\/><\/a><figcaption class=\"wp-element-caption\">&nbsp;<\/figcaption><\/figure>\n\n\n\n<p><br>Bon, ben ce ne sera pas encore pour aujourd&rsquo;hui.<\/p>\n\n\n\n<p>Tant que la <strong>Ville de Li\u00e8ge<\/strong> ne r\u00e9pare pas son mur, il est difficile (et trop difficile pour moi qui suis handicap\u00e9) d&rsquo;acc\u00e9der \u00e0 l&rsquo;<em>arv\u00f4<\/em> par la <em>rue Justin Lenders<\/em>. Et comme il faut entrer par l\u00e0 pour ouvrir&#8230;<\/p>\n\n\n\n<p>A bient\u00f4t j&rsquo;esp\u00e8re.<\/p>\n\n\n\n<hr class=\"wp-block-separator has-alpha-channel-opacity\"\/>\n\n\n\n<p>Pierre Michaux<\/p>\n<div class=\"pdfprnt-buttons pdfprnt-buttons-post pdfprnt-bottom-right\"><a href=\"http:\/\/www.lachartreuse.org\/web\/wp-json\/wp\/v2\/posts\/1005?print=pdf\" class=\"pdfprnt-button pdfprnt-button-pdf\" target=\"_blank\" ><img decoding=\"async\" src=\"http:\/\/www.lachartreuse.org\/web\/wp-content\/plugins\/pdf-print\/images\/pdf.png\" alt=\"image_pdf\" title=\"T\u00e9l\u00e9charger le PDF\" \/><\/a><a href=\"http:\/\/www.lachartreuse.org\/web\/wp-json\/wp\/v2\/posts\/1005?print=print\" class=\"pdfprnt-button pdfprnt-button-print\" target=\"_blank\" ><img decoding=\"async\" src=\"http:\/\/www.lachartreuse.org\/web\/wp-content\/plugins\/pdf-print\/images\/print.png\" alt=\"image_print\" title=\"Contenu imprim\u00e9\" \/><\/a><\/div>","protected":false},"excerpt":{"rendered":"<p>Bon, ben ce ne sera pas encore pour aujourd&rsquo;hui. Tant que la Ville de Li\u00e8ge ne r\u00e9pare pas son mur, il est difficile (et trop difficile pour moi qui suis handicap\u00e9) d&rsquo;acc\u00e9der \u00e0 l&rsquo;arv\u00f4 par la rue Justin Lenders. Et comme il faut entrer par l\u00e0 pour ouvrir&#8230; A bient\u00f4t j&rsquo;esp\u00e8re. Pierre Michaux<\/p>\n","protected":false},"author":6,"featured_media":1260,"comment_status":"closed","ping_status":"closed","sticky":false,"template":"","format":"standard","meta":{"_eb_attr":"","_uag_custom_page_level_css":"","site-sidebar-layout":"default","site-content-layout":"","ast-site-content-layout":"default","site-content-style":"default","site-sidebar-style":"default","ast-global-header-display":"","ast-banner-title-visibility":"","ast-main-header-display":"","ast-hfb-above-header-display":"","ast-hfb-below-header-display":"","ast-hfb-mobile-header-display":"","site-post-title":"","ast-breadcrumbs-content":"","ast-featured-img":"","footer-sml-layout":"","ast-disable-related-posts":"","theme-transparent-header-meta":"","adv-header-id-meta":"","stick-header-meta":"","header-above-stick-meta":"","header-main-stick-meta":"","header-below-stick-meta":"","astra-migrate-meta-layouts":"default","ast-page-background-enabled":"default","ast-page-background-meta":{"desktop":{"background-color":"var(--ast-global-color-4)","background-image":"","background-repeat":"repeat","background-position":"center center","background-size":"auto","background-attachment":"scroll","background-type":"","background-media":"","overlay-type":"","overlay-color":"","overlay-opacity":"","overlay-gradient":""},"tablet":{"background-color":"","background-image":"","background-repeat":"repeat","background-position":"center center","background-size":"auto","background-attachment":"scroll","background-type":"","background-media":"","overlay-type":"","overlay-color":"","overlay-opacity":"","overlay-gradient":""},"mobile":{"background-color":"","background-image":"","background-repeat":"repeat","background-position":"center center","background-size":"auto","background-attachment":"scroll","background-type":"","background-media":"","overlay-type":"","overlay-color":"","overlay-opacity":"","overlay-gradient":""}},"ast-content-background-meta":{"desktop":{"background-color":"var(--ast-global-color-5)","background-image":"","background-repeat":"repeat","background-position":"center center","background-size":"auto","background-attachment":"scroll","background-type":"","background-media":"","overlay-type":"","overlay-color":"","overlay-opacity":"","overlay-gradient":""},"tablet":{"background-color":"var(--ast-global-color-5)","background-image":"","background-repeat":"repeat","background-position":"center center","background-size":"auto","background-attachment":"scroll","background-type":"","background-media":"","overlay-type":"","overlay-color":"","overlay-opacity":"","overlay-gradient":""},"mobile":{"background-color":"var(--ast-global-color-5)","background-image":"","background-repeat":"repeat","background-position":"center center","background-size":"auto","background-attachment":"scroll","background-type":"","background-media":"","overlay-type":"","overlay-color":"","overlay-opacity":"","overlay-gradient":""}},"footnotes":""},"categories":[7],"tags":[],"class_list":["post-1005","post","type-post","status-publish","format-standard","has-post-thumbnail","hentry","category-au-fil-des-jours"],"featured_image_src":"http:\/\/www.lachartreuse.org\/web\/wp-content\/uploads\/2017\/09\/arvo-vignette.jpg","author_info":{"display_name":"Pierre Michaux","author_link":"http:\/\/www.lachartreuse.org\/web\/author\/pmichaux\/"},"uagb_featured_image_src":{"full":["http:\/\/www.lachartreuse.org\/web\/wp-content\/uploads\/2017\/09\/arvo-vignette.jpg",280,150,false],"thumbnail":["http:\/\/www.lachartreuse.org\/web\/wp-content\/uploads\/2017\/09\/arvo-vignette-150x150.jpg",150,150,true],"medium":["http:\/\/www.lachartreuse.org\/web\/wp-content\/uploads\/2017\/09\/arvo-vignette.jpg",280,150,false],"medium_large":["http:\/\/www.lachartreuse.org\/web\/wp-content\/uploads\/2017\/09\/arvo-vignette.jpg",280,150,false],"large":["http:\/\/www.lachartreuse.org\/web\/wp-content\/uploads\/2017\/09\/arvo-vignette.jpg",280,150,false],"1536x1536":["http:\/\/www.lachartreuse.org\/web\/wp-content\/uploads\/2017\/09\/arvo-vignette.jpg",280,150,false],"2048x2048":["http:\/\/www.lachartreuse.org\/web\/wp-content\/uploads\/2017\/09\/arvo-vignette.jpg",280,150,false]},"uagb_author_info":{"display_name":"Pierre Michaux","author_link":"http:\/\/www.lachartreuse.org\/web\/author\/pmichaux\/"},"uagb_comment_info":0,"uagb_excerpt":"Bon, ben ce ne sera pas encore pour aujourd&rsquo;hui. Tant que la Ville de Li\u00e8ge ne r\u00e9pare pas son mur, il est difficile (et trop difficile pour moi qui suis handicap\u00e9) d&rsquo;acc\u00e9der \u00e0 l&rsquo;arv\u00f4 par la rue Justin Lenders. Et comme il faut entrer par l\u00e0 pour ouvrir&#8230; A bient\u00f4t j&rsquo;esp\u00e8re. Pierre Michaux","_links":{"self":[{"href":"http:\/\/www.lachartreuse.org\/web\/wp-json\/wp\/v2\/posts\/1005","targetHints":{"allow":["GET"]}}],"collection":[{"href":"http:\/\/www.lachartreuse.org\/web\/wp-json\/wp\/v2\/posts"}],"about":[{"href":"http:\/\/www.lachartreuse.org\/web\/wp-json\/wp\/v2\/types\/post"}],"author":[{"embeddable":true,"href":"http:\/\/www.lachartreuse.org\/web\/wp-json\/wp\/v2\/users\/6"}],"replies":[{"embeddable":true,"href":"http:\/\/www.lachartreuse.org\/web\/wp-json\/wp\/v2\/comments?post=1005"}],"version-history":[{"count":1,"href":"http:\/\/www.lachartreuse.org\/web\/wp-json\/wp\/v2\/posts\/1005\/revisions"}],"predecessor-version":[{"id":29235,"href":"http:\/\/www.lachartreuse.org\/web\/wp-json\/wp\/v2\/posts\/1005\/revisions\/29235"}],"wp:featuredmedia":[{"embeddable":true,"href":"http:\/\/www.lachartreuse.org\/web\/wp-json\/wp\/v2\/media\/1260"}],"wp:attachment":[{"href":"http:\/\/www.lachartreuse.org\/web\/wp-json\/wp\/v2\/media?parent=1005"}],"wp:term":[{"taxonomy":"category","embeddable":true,"href":"http:\/\/www.lachartreuse.org\/web\/wp-json\/wp\/v2\/categories?post=1005"},{"taxonomy":"post_tag","embeddable":true,"href":"http:\/\/www.lachartreuse.org\/web\/wp-json\/wp\/v2\/tags?post=1005"}],"curies":[{"name":"wp","href":"https:\/\/api.w.org\/{rel}","templated":true}]}}